{"id":17978,"date":"2020-12-27T22:27:45","date_gmt":"2020-12-28T01:27:45","guid":{"rendered":"https:\/\/portalmovil.com.ar\/?p=17978"},"modified":"2020-12-27T22:27:51","modified_gmt":"2020-12-28T01:27:51","slug":"rossi-fuerzas-armadas-estan-preparadas-y-a-disposicion-para-el-operativo-de-vacunacion","status":"publish","type":"post","link":"https:\/\/portalmovil.com.ar\/index.php\/2020\/12\/27\/rossi-fuerzas-armadas-estan-preparadas-y-a-disposicion-para-el-operativo-de-vacunacion\/","title":{"rendered":"Rossi: \u00abFuerzas Armadas est\u00e1n preparadas y a disposici\u00f3n para el operativo de vacunaci\u00f3n\u00bb"},"content":{"rendered":"\n<p>El ministro de Defensa, Agust\u00edn Rossi, inform\u00f3 este domingo que las Fuerzas Armadas est\u00e1n \u00abpreparadas para la campa\u00f1a de vacunaci\u00f3n\u00bb contra el coronavirus y afirm\u00f3 que \u00abcada provincia define las capacidades que va a utilizar\u00bb a la hora de llevar a cabo el operativo de inmunizaci\u00f3n.<\/p>\n\n\n\n<p>Rossi explic\u00f3 que en las provincias de San Juan, La Rioja y Tierra del Fuego habr\u00e1 regimientos militares que funcionar\u00e1n como centros de vacunaci\u00f3n.<\/p>\n\n\n\n<p>\u00abDesde hace un tiempo las Fuerzas Armadas est\u00e1n trabajando en la campa\u00f1a de vacunaci\u00f3n. Cada provincia tiene un responsable militar para este operativo\u00bb, asegur\u00f3, y aclar\u00f3 que hay \u00ab17 hospitales militares distribuidos en todo el pa\u00eds y estamos preparados para la campa\u00f1a de vacunaci\u00f3n\u00bb.<\/p>\n\n\n\n<p>Rossi explic\u00f3 en declaraciones radiales que se pusieron a disposici\u00f3n \u00abde las provincias las capacidades de las Fuerzas Armadas\u00bb, pero es \u00abcada provincia quien decide si las utiliza\u00bb.En ese contexto, Rossi distingui\u00f3 entre la labor que van a hacer en San Juan, La Rioja y Tierra del fuego de la del territorio bonaerense, ya que \u00aben la provincia de Buenos Aires nos pidieron apoyo para el afuera de los centros de vacunaci\u00f3n\u00bb.<\/p>\n\n\n\n<p>Con respecto a la distribuci\u00f3n de las vacunas, el titular de Defensa explic\u00f3 que \u00abel traslado a las provincias est\u00e1 a cargo de una empresa privada por medio de camiones con suficiente refrigeraci\u00f3n para mantener la cadena de fr\u00edo que exigen los laboratorios\u00bb.<\/p>\n\n\n\n<p>En el caso de la vacuna Sputnik V las dosis deben conservarse a 18 grados bajo cero.<\/p>\n\n\n\n<p>Rossi sostuvo que el operativo de vacunaci\u00f3n que comenzar\u00e1 de manera simult\u00e1nea en todo el pa\u00eds es el inicio de un cronograma que contempla su continuidad durante 2021.\u00bbNos estamos preparando para vacunar durante todo el a\u00f1o. Nuestro c\u00e1lculo es que vamos a necesitar todo 2021 para aplicar a entre 25 y 30 millones de argentinos las dos dosis necesarias\u00bb, dijo Rossi, y se\u00f1al\u00f3 que \u00abestaremos en condiciones de vacunar a 5 millones de argentinos por mes\u00bb.<\/p>\n\n\n\n<p>Con respecto a las vacunas de otros laboratorios, Rossi se mostr\u00f3 esperanzado en poder sumar dosis de AstraZeneca durante el verano.<\/p>\n\n\n\n<p>\u00abEntre enero y principios de abril tenemos confianza de que est\u00e9n las vacunas de AstraZeneca, que necesita menos cadena de fr\u00edo que Sputnik\u00bb, sentenci\u00f3.Rossi se refiri\u00f3 adem\u00e1s a las elecciones de medio t\u00e9rmino del a\u00f1o pr\u00f3ximo y remarc\u00f3 que \u00ablos operativos de vacunaci\u00f3n y el electoral se van a poder compatibilizar\u00bb<\/p>\n\n\n\n<p>Consultado sobre la carta cr\u00edtica que en las redes sociales public\u00f3 el exministro de Econom\u00eda, Roberto Lavagna, sostuvo que \u00abhoy las prioridades son la vacunaci\u00f3n y la recuperaci\u00f3n econ\u00f3mica v\u00eda mercado interno\u00bb.<\/p>\n\n\n\n<p>En cuanto a las definiciones de la vicepresidenta Cristina Kirchner en el acto que comparti\u00f3 con el presidente Alberto Fern\u00e1ndez y el gobernador bonaerense Axel Kicillof en La Plata, Rossi dijo por AM 750: \u00abEstoy orgulloso de integrar este Gobierno: los ministros los elige el Presidente\u00bb.<\/p>\n\n\n\n<p>\u00abCada reflexi\u00f3n de Cristina Fern\u00e1ndez de Kirchner es ponderada y hay que escucharla y entenderla en su verdadera magnitud. Yo estoy orgulloso de mis compa\u00f1eros de Gabinete\u00bb, sostuvo Rossi.&nbsp;&nbsp;<\/p>\n","protected":false},"excerpt":{"rendered":"<p>El ministro de Defensa, Agust\u00edn Rossi, inform\u00f3 este domingo que las Fuerzas Armadas est\u00e1n \u00abpreparadas para la campa\u00f1a de vacunaci\u00f3n\u00bb contra el coronavirus y afirm\u00f3 que \u00abcada provincia define las capacidades que va a utilizar\u00bb a la hora de llevar a cabo el operativo de inmunizaci\u00f3n. Rossi explic\u00f3 que en las provincias de San Juan, &hellip;<\/p>\n","protected":false},"author":2,"featured_media":17979,"comment_status":"open","ping_status":"open","sticky":false,"template":"","format":"standard","meta":{"_jetpack_memberships_contains_paid_content":false,"footnotes":"","jetpack_publicize_message":"","jetpack_publicize_feature_enabled":true,"jetpack_social_post_already_shared":true,"jetpack_social_options":{"image_generator_settings":{"template":"highway","default_image_id":0,"font":"","enabled":false},"version":2}},"categories":[34],"tags":[],"class_list":["post-17978","post","type-post","status-publish","format-standard","has-post-thumbnail","hentry","category-nacional"],"jetpack_publicize_connections":[],"jetpack_featured_media_url":"https:\/\/portalmovil.com.ar\/wp-content\/uploads\/2020\/12\/rossi.jpg","jetpack_sharing_enabled":true,"amp_enabled":true,"_links":{"self":[{"href":"https:\/\/portalmovil.com.ar\/index.php\/wp-json\/wp\/v2\/posts\/17978","targetHints":{"allow":["GET"]}}],"collection":[{"href":"https:\/\/portalmovil.com.ar\/index.php\/wp-json\/wp\/v2\/posts"}],"about":[{"href":"https:\/\/portalmovil.com.ar\/index.php\/wp-json\/wp\/v2\/types\/post"}],"author":[{"embeddable":true,"href":"https:\/\/portalmovil.com.ar\/index.php\/wp-json\/wp\/v2\/users\/2"}],"replies":[{"embeddable":true,"href":"https:\/\/portalmovil.com.ar\/index.php\/wp-json\/wp\/v2\/comments?post=17978"}],"version-history":[{"count":1,"href":"https:\/\/portalmovil.com.ar\/index.php\/wp-json\/wp\/v2\/posts\/17978\/revisions"}],"predecessor-version":[{"id":17980,"href":"https:\/\/portalmovil.com.ar\/index.php\/wp-json\/wp\/v2\/posts\/17978\/revisions\/17980"}],"wp:featuredmedia":[{"embeddable":true,"href":"https:\/\/portalmovil.com.ar\/index.php\/wp-json\/wp\/v2\/media\/17979"}],"wp:attachment":[{"href":"https:\/\/portalmovil.com.ar\/index.php\/wp-json\/wp\/v2\/media?parent=17978"}],"wp:term":[{"taxonomy":"category","embeddable":true,"href":"https:\/\/portalmovil.com.ar\/index.php\/wp-json\/wp\/v2\/categories?post=17978"},{"taxonomy":"post_tag","embeddable":true,"href":"https:\/\/portalmovil.com.ar\/index.php\/wp-json\/wp\/v2\/tags?post=17978"}],"curies":[{"name":"wp","href":"https:\/\/api.w.org\/{rel}","templated":true}]}}