{"id":17867,"date":"2020-12-25T12:15:59","date_gmt":"2020-12-25T15:15:59","guid":{"rendered":"https:\/\/portalmovil.com.ar\/?p=17867"},"modified":"2020-12-25T12:16:34","modified_gmt":"2020-12-25T15:16:34","slug":"fernandez-se-reunira-con-los-gobernadores-para-coordinar-inicio-de-vacunacion","status":"publish","type":"post","link":"https:\/\/portalmovil.com.ar\/index.php\/2020\/12\/25\/fernandez-se-reunira-con-los-gobernadores-para-coordinar-inicio-de-vacunacion\/","title":{"rendered":"Fern\u00e1ndez se reunir\u00e1 con los gobernadores para coordinar inicio de vacunaci\u00f3n"},"content":{"rendered":"\n<p>El presidente Alberto Fern\u00e1ndez encabezar\u00e1 este fin de semana, en forma virtual, un encuentro con los gobernadores de todas las provincias para coordinar la fecha de inicio de la campa\u00f1a de vacunaci\u00f3n contra el coronavirus, prevista para \u00abla semana pr\u00f3xima\u00bb.<\/p>\n\n\n\n<p>En tanto,\u00a0ma\u00f1ana, los gobernadores recibir\u00e1n la confirmaci\u00f3n\u00a0de la cantidad de vacunas que llegar\u00e1n a cada uno de sus distritos.<\/p>\n\n\n\n<p>El inicio de la distribuci\u00f3n a la\u00a0Provincia y la Ciudad de Buenos Aires est\u00e1 previsto para hoy, con plazos de entrega de 12 horas para el \u00e1rea Metropolitana de Buenos Aires.<\/p>\n\n\n\n<p>El jefe de Gabinete,\u00a0Santiago Cafiero, adelant\u00f3 ayer en el aeropuerto de Ezeiza, tras la llegada de las vacunas Sputnik V, que\u00a0el Presidente \u00abse reunir\u00e1 el fin de semana con los gobernadores\u00bb\u00a0para continuar con el \u00abtrabajo articulado\u00bb que se desarrolla desde el inicio de la pandemia con los mandatarios provinciales.<\/p>\n\n\n\n<p>El funcionario remarc\u00f3 que ese trabajo conjunto permiti\u00f3 los\u00a0\u00abbuenos resultados\u00bb logrados desde el inicio de la pandemia\u00a0y adelant\u00f3 que se continuar\u00e1 con la metodolog\u00eda de trabajo basada en \u00abuna mirada federal\u00bb.<\/p>\n\n\n\n<p>El ministro de Salud, Gin\u00e9s\u00a0Gonz\u00e1lez Garc\u00eda, confirm\u00f3 que el Gobierno busca \u00abcomenzar la semana pr\u00f3xima\u00bb\u00a0con la campa\u00f1a de vacunaci\u00f3n, \u00aben forma simult\u00e1nea en todas las provincias\u00bb.<\/p>\n\n\n\n<p>Las 300 mil dosis de la vacuna Sputnik V que llegaron ayer a Ezeiza\u00a0ser\u00e1n suministradas en una\u00a0primera etapa a personal de la salud, \u00abque son los que tienen un contacto m\u00e1s directo y permanente con el virus\u00bb, record\u00f3 el ministro.<\/p>\n","protected":false},"excerpt":{"rendered":"<p>El presidente Alberto Fern\u00e1ndez encabezar\u00e1 este fin de semana, en forma virtual, un encuentro con los gobernadores de todas las provincias para coordinar la fecha de inicio de la campa\u00f1a de vacunaci\u00f3n contra el coronavirus, prevista para \u00abla semana pr\u00f3xima\u00bb. En tanto,\u00a0ma\u00f1ana, los gobernadores recibir\u00e1n la confirmaci\u00f3n\u00a0de la cantidad de vacunas que llegar\u00e1n a cada &hellip;<\/p>\n","protected":false},"author":2,"featured_media":17868,"comment_status":"open","ping_status":"open","sticky":false,"template":"","format":"standard","meta":{"_jetpack_memberships_contains_paid_content":false,"footnotes":"","jetpack_publicize_message":"","jetpack_publicize_feature_enabled":true,"jetpack_social_post_already_shared":true,"jetpack_social_options":{"image_generator_settings":{"template":"highway","default_image_id":0,"font":"","enabled":false},"version":2}},"categories":[34,12],"tags":[],"class_list":["post-17867","post","type-post","status-publish","format-standard","has-post-thumbnail","hentry","category-nacional","category-ultimo"],"jetpack_publicize_connections":[],"jetpack_featured_media_url":"https:\/\/portalmovil.com.ar\/wp-content\/uploads\/2020\/12\/f2197daf-82e0-49f0-b4b4-282e6ead4ea3.jpg","jetpack_sharing_enabled":true,"amp_enabled":true,"_links":{"self":[{"href":"https:\/\/portalmovil.com.ar\/index.php\/wp-json\/wp\/v2\/posts\/17867","targetHints":{"allow":["GET"]}}],"collection":[{"href":"https:\/\/portalmovil.com.ar\/index.php\/wp-json\/wp\/v2\/posts"}],"about":[{"href":"https:\/\/portalmovil.com.ar\/index.php\/wp-json\/wp\/v2\/types\/post"}],"author":[{"embeddable":true,"href":"https:\/\/portalmovil.com.ar\/index.php\/wp-json\/wp\/v2\/users\/2"}],"replies":[{"embeddable":true,"href":"https:\/\/portalmovil.com.ar\/index.php\/wp-json\/wp\/v2\/comments?post=17867"}],"version-history":[{"count":2,"href":"https:\/\/portalmovil.com.ar\/index.php\/wp-json\/wp\/v2\/posts\/17867\/revisions"}],"predecessor-version":[{"id":17870,"href":"https:\/\/portalmovil.com.ar\/index.php\/wp-json\/wp\/v2\/posts\/17867\/revisions\/17870"}],"wp:featuredmedia":[{"embeddable":true,"href":"https:\/\/portalmovil.com.ar\/index.php\/wp-json\/wp\/v2\/media\/17868"}],"wp:attachment":[{"href":"https:\/\/portalmovil.com.ar\/index.php\/wp-json\/wp\/v2\/media?parent=17867"}],"wp:term":[{"taxonomy":"category","embeddable":true,"href":"https:\/\/portalmovil.com.ar\/index.php\/wp-json\/wp\/v2\/categories?post=17867"},{"taxonomy":"post_tag","embeddable":true,"href":"https:\/\/portalmovil.com.ar\/index.php\/wp-json\/wp\/v2\/tags?post=17867"}],"curies":[{"name":"wp","href":"https:\/\/api.w.org\/{rel}","templated":true}]}}