{"id":17848,"date":"2020-12-24T18:31:44","date_gmt":"2020-12-24T21:31:44","guid":{"rendered":"https:\/\/portalmovil.com.ar\/?p=17848"},"modified":"2020-12-24T18:31:47","modified_gmt":"2020-12-24T21:31:47","slug":"reconocieron-a-la-mesa-interreligiosa-por-sus-11-anos-de-servicio-a-la-comunidad","status":"publish","type":"post","link":"https:\/\/portalmovil.com.ar\/index.php\/2020\/12\/24\/reconocieron-a-la-mesa-interreligiosa-por-sus-11-anos-de-servicio-a-la-comunidad\/","title":{"rendered":"Reconocieron a la Mesa Interreligiosa por sus 11 a\u00f1os de servicio a la comunidad"},"content":{"rendered":"\n<p>El gobernador Jorge Capitanich particip\u00f3, en la noche del mi\u00e9rcoles en el Polideportivo Jaime Zapata, del acto de ampliaci\u00f3n de la Mesa Interreligiosa chaque\u00f1a, donde entreg\u00f3 una placa en reconocimiento por el trabajo de sus 11 a\u00f1os de historia aportando al bien com\u00fan. Adem\u00e1s, encabez\u00f3 una oraci\u00f3n en el marco de las fiestas de fin de a\u00f1o.<\/p>\n\n\n\n<p>Durante el acto entreg\u00f3 el decreto provincial N\u00b0 1797 por el cual se reconoce la nueva conformaci\u00f3n de la Mesa Interreligiosa, que ampli\u00f3 la cantidad de miembros \u2013ahora ser\u00e1n 21- y se incorpor\u00f3 a miembros del interior. Est\u00e1 integrada por la Iglesia Cat\u00f3lica Apost\u00f3lica Romana, la Comunidad Jud\u00eda, la Comunidad Musulmana, la Iglesia Cat\u00f3lica Apost\u00f3lica Ortodoxa, la Iglesia Evang\u00e9lica, la Iglesia Adventista del S\u00e9ptimo D\u00eda, la Iglesia de Jesucristo de los Santos de los \u00daltimos D\u00edas (mormones), la Iglesia Evang\u00e9lica Luterana, la Iglesia Evang\u00e9lica de Comunidades Abor\u00edgenes, y tambi\u00e9n de miembros laicos de distintos credos. La misma est\u00e1 abierta a la integraci\u00f3n de las religiones que pretendan formar parte en el futuro.<\/p>\n\n\n\n<p>Adem\u00e1s, la Comisi\u00f3n Ejecutiva de la Mesa tom\u00f3 la decisi\u00f3n de renombrar su nombre a Mesa Interreligiosa del Chaco \u201cPastor Luis Macchi\u201d, en honor a quien fuera coordinador del organismo desde 2009, fallecido el 28 de octubre del corriente a\u00f1o. \u201cFue un ciudadano preocupado y ocupado por legar a las generaciones futuras una Patria mejor, y por eso estuvo siempre tan presente y tan comprometido con todas las actividades de la mesa interreligiosa. Lo consideraba una parte fundamental de su vida y de su servicio como ciudadano y como hombre de Dios\u201d, destac\u00f3 el gobernador.<\/p>\n\n\n\n<p>La Mesa Interreligiosa Chaco es un espacio que permite el di\u00e1logo, la reflexi\u00f3n y el trabajo fraterno en forma conjunta a partir de las coincidencias entre los actores, con la finalidad de poder ayudar a la espiritualidad y la calidad de vida de la comunidad. Adem\u00e1s, tiene como objeto promover la libertad religiosa y el respeto de los credos reconocidos en la provincia en una arm\u00f3nica convivencia com\u00fan.<\/p>\n\n\n\n<p>El gobernador destac\u00f3 que la nueva conformaci\u00f3n de la mesa interreligiosa pretende tener amplitud y predica federal, lo que implica que en todos los rincones de la tierra chaque\u00f1a la manifestaci\u00f3n de la fe se haga sentir. \u201cLa participaci\u00f3n de la comunidad qom forma parte de esta expresi\u00f3n m\u00e1s profunda y federal\u201d, consider\u00f3.<\/p>\n\n\n\n<p>Por otro lado, Capitanich se\u00f1al\u00f3 que la pandemia nos debe sacar iguales o mejores, pero nunca peores. \u201cEn este tiempo de reflexi\u00f3n tenemos que hacer obras de misericordia espirituales y corporales, amando profundamente a nuestro pr\u00f3jimo, compartir el pan, el agua, vestimenta es tambi\u00e9n un acto de amor, como as\u00ed tambi\u00e9n las obras espirituales como perdonar las injurias, ense\u00f1ar al que no sabe, dar un buen consejo al que lo necesita\u201d, sostuvo.<\/p>\n\n\n\n<p>Adem\u00e1s remarc\u00f3 que, en esta \u00e9poca, \u201cdonde la pandemia se llev\u00f3 miles de vidas y caus\u00f3 mucho dolor, es importante reflexionar que el dolor forma parte de la vida humana, dicotom\u00eda que nos inspira en las acciones, en el sentido de la responsabilidad de estos tiempos que transitamos y que vendr\u00e1n\u201d. \u201cConstruir un mundo fraterno implica construir un mundo justo con verdad, justicia y amor\u201d, asegur\u00f3 y agradeci\u00f3 la posibilidad de compartir con la mesa interreligiosa de quien destac\u00f3 la representatividad y su vocaci\u00f3n de servicio.<\/p>\n\n\n\n<h3 class=\"wp-block-heading\"><strong>Di\u00e1logo fraterno desde la diversidad<\/strong><\/h3>\n\n\n\n<p>El director de Culto, Pedro Garc\u00eda destac\u00f3 que el objetivo de la Mesa Interreligiosa es tener un di\u00e1logo fraterno, respetando la diversidad y avanzar desde las coincidencias para crecer como entidades religiosas que trabajan por el bien com\u00fan, por la paz y las unidades de las naciones. \u201cEs importante que cada uno se pueda despojar un poco de su entidad religiosa, sin perder su identidad, para trabajar con otros credos, que quiz\u00e1s piensan diferentes, y articulando con el estado podamos colaborar en pos de una sociedad mejor\u201d, expres\u00f3.<\/p>\n\n\n\n<h2 class=\"wp-block-heading\"><strong>Unidos en oraci\u00f3n por un Chaco y un pa\u00eds mejor<\/strong><\/h2>\n\n\n\n<p>El sacerdote de la Iglesia Cat\u00f3lica, Rafael del Blanco dedic\u00f3 unas palabras al fundador de la mesa, Luis Maqui a quien ponder\u00f3 como \u201cuna figura se\u00f1era, digna y honorable\u201d. El Pastor Daniel Gauna, miembro de la Iglesia Evang\u00e9lica Metropolitana tambi\u00e9n lo defini\u00f3 como \u201cun buen ciudadano en esta tierra, su legajo limpio quien y tambi\u00e9n fue un buen ciudadano de los cielos\u201d. Posteriormente, al igual que sus pares, elev\u00f3 una oraci\u00f3n.<\/p>\n\n\n\n<p>Dar\u00edo Rico, Pastor de iglesia de Jesucristo de los santos de los \u00faltimos d\u00edas, enfoc\u00f3 su oraci\u00f3n en el pedido de salud y bienestar para la Naci\u00f3n, los gobernantes de la provincia, los ciudadanos y, especialmente a los ni\u00f1os, las personas mayores y enfermas, a quienes trabajan en el \u00e1rea de seguridad, y medicamentos, y a los enfermeros. Rico hizo un llamado a \u201cenfocar nuestros corazones en ayudar a los que m\u00e1s necesitan y a tener una mirada tierna hacia los que nos rodean\u201d.<\/p>\n\n\n\n<p>El Pastor Qom Jorge Diego, de la Iglesia Evang\u00e9lica or\u00f3 por la Ciudad, la Provincia y la Naci\u00f3n en su lengua aut\u00f3ctona y agradeci\u00f3, como miembro de la comunidad Qom, poder participar de la Mesa. De manera virtual, desde Egipto, la representante de la Comunidad Musulmana Marianela Rodr\u00edguez salud\u00f3 a los presentes y or\u00f3 \u201cpara que en el a\u00f1o que sigue pueda cambiar tambi\u00e9n la situaci\u00f3n y sea una vida m\u00e1s digna\u201d.<\/p>\n\n\n\n<p>Dar\u00edo Gim\u00e9nez, miembro de la Mesa Evang\u00e9lica del Interior se refiri\u00f3 al \u201cprivilegio\u201d de haber sido convocados a la Mesa de la que participan referentes de diferentes credos y cultos de la provincia. \u201cTenemos una fe diferente, pero tenemos un camino a trazar que es poder a la luz de las escrituras intentar marcar un rumbo y fijar un dejar un legado la palabra de Dios y la Constituci\u00f3n nos habla de que \u00e9l es nuestra fuente de raz\u00f3n y de justicia\u201d.<\/p>\n\n\n\n<p>El rabino de la comunidad jud\u00eda Natan Waingortin expres\u00f3 que los vecinos jud\u00edos est\u00e1n \u201cfelices y agradecidos\u201d de poder acompa\u00f1ar a los hermanos cristianos que en estos momentos est\u00e1n preparando para festejar la Navidad. \u201cun momento fundamental e importante cargado de Esperanza, de luz, de sabores, melod\u00edas, recuerdos, colores e im\u00e1genes que lleva en lo m\u00e1s profundo del coraz\u00f3n los recuerdos de su tierna infancia\u201d. Expres\u00f3 un \u201cprofundo y sincero abrazo a toda la comunidad cristiana, cat\u00f3licos, evang\u00e9licos de todas las diversas congregaciones\u201d.<\/p>\n","protected":false},"excerpt":{"rendered":"<p>El gobernador Jorge Capitanich particip\u00f3, en la noche del mi\u00e9rcoles en el Polideportivo Jaime Zapata, del acto de ampliaci\u00f3n de la Mesa Interreligiosa chaque\u00f1a, donde entreg\u00f3 una placa en reconocimiento por el trabajo de sus 11 a\u00f1os de historia aportando al bien com\u00fan. Adem\u00e1s, encabez\u00f3 una oraci\u00f3n en el marco de las fiestas de fin &hellip;<\/p>\n","protected":false},"author":2,"featured_media":17849,"comment_status":"open","ping_status":"open","sticky":false,"template":"","format":"standard","meta":{"_jetpack_memberships_contains_paid_content":false,"footnotes":"","jetpack_publicize_message":"","jetpack_publicize_feature_enabled":true,"jetpack_social_post_already_shared":true,"jetpack_social_options":{"image_generator_settings":{"template":"highway","default_image_id":0,"font":"","enabled":false},"version":2}},"categories":[28,5],"tags":[],"class_list":["post-17848","post","type-post","status-publish","format-standard","has-post-thumbnail","hentry","category-actualidad","category-chaco"],"jetpack_publicize_connections":[],"jetpack_featured_media_url":"https:\/\/portalmovil.com.ar\/wp-content\/uploads\/2020\/12\/b7aaa273b587a8a0538140772bae84ba.jpg","jetpack_sharing_enabled":true,"amp_enabled":true,"_links":{"self":[{"href":"https:\/\/portalmovil.com.ar\/index.php\/wp-json\/wp\/v2\/posts\/17848","targetHints":{"allow":["GET"]}}],"collection":[{"href":"https:\/\/portalmovil.com.ar\/index.php\/wp-json\/wp\/v2\/posts"}],"about":[{"href":"https:\/\/portalmovil.com.ar\/index.php\/wp-json\/wp\/v2\/types\/post"}],"author":[{"embeddable":true,"href":"https:\/\/portalmovil.com.ar\/index.php\/wp-json\/wp\/v2\/users\/2"}],"replies":[{"embeddable":true,"href":"https:\/\/portalmovil.com.ar\/index.php\/wp-json\/wp\/v2\/comments?post=17848"}],"version-history":[{"count":1,"href":"https:\/\/portalmovil.com.ar\/index.php\/wp-json\/wp\/v2\/posts\/17848\/revisions"}],"predecessor-version":[{"id":17850,"href":"https:\/\/portalmovil.com.ar\/index.php\/wp-json\/wp\/v2\/posts\/17848\/revisions\/17850"}],"wp:featuredmedia":[{"embeddable":true,"href":"https:\/\/portalmovil.com.ar\/index.php\/wp-json\/wp\/v2\/media\/17849"}],"wp:attachment":[{"href":"https:\/\/portalmovil.com.ar\/index.php\/wp-json\/wp\/v2\/media?parent=17848"}],"wp:term":[{"taxonomy":"category","embeddable":true,"href":"https:\/\/portalmovil.com.ar\/index.php\/wp-json\/wp\/v2\/categories?post=17848"},{"taxonomy":"post_tag","embeddable":true,"href":"https:\/\/portalmovil.com.ar\/index.php\/wp-json\/wp\/v2\/tags?post=17848"}],"curies":[{"name":"wp","href":"https:\/\/api.w.org\/{rel}","templated":true}]}}