{"id":1730,"date":"2020-02-12T14:50:01","date_gmt":"2020-02-12T17:50:01","guid":{"rendered":"http:\/\/portalmovil.com.ar\/?p=1730"},"modified":"2020-02-12T14:50:09","modified_gmt":"2020-02-12T17:50:09","slug":"un-articulo-de-la-constitucion-la-razon-por-la-que-alberto-fernandez-evita-hablar-de-presos-politicos","status":"publish","type":"post","link":"https:\/\/portalmovil.com.ar\/index.php\/2020\/02\/12\/un-articulo-de-la-constitucion-la-razon-por-la-que-alberto-fernandez-evita-hablar-de-presos-politicos\/","title":{"rendered":"Un art\u00edculo de la Constituci\u00f3n, la raz\u00f3n por la que Alberto Fern\u00e1ndez evita hablar de \u201cpresos pol\u00edticos\u201d"},"content":{"rendered":"\n<p>El presidente,\u00a0<strong>Alberto Fern\u00e1ndez<\/strong>, hizo p\u00fablico su enojo al referirse a la presi\u00f3n de un sector del kirchnerismo por incluir a exfuncionarios y dirigentes en la categor\u00eda de\u00a0<strong>\u201cpresos pol\u00edticos\u201d<\/strong>. Es que el mandatario se ve limitado para hablar de ese asunto, debido a que se ve condicionado por una de las atribuciones impuestas por la Constituci\u00f3n nacional.<\/p>\n\n\n\n<p><strong>\u201cMe molesta que digan que tengo presos pol\u00edticos porque no los tengo<\/strong>\u201c, remarc\u00f3&nbsp;Fern\u00e1ndez en una entrevista radial. Y agreg\u00f3: \u201c<strong>Hay que decirles a los compa\u00f1eros que no seamos tontos, pensamos exactamente igual<\/strong>\u201c.<\/p>\n\n\n\n<p>Sobre las posturas dentro del kirchnerismo, el propio Fern\u00e1ndez aclar\u00f3:&nbsp;<strong>\u201cEl tema sem\u00e1ntico no es menor porque el preso pol\u00edtico t\u00e9cnicamente es el que est\u00e1 a disposici\u00f3n del Poder Ejecutivo\u201d.<\/strong><\/p>\n\n\n\n<p>De hecho, de ser as\u00ed, el presidente es el encargado de resolver la&nbsp;situaci\u00f3n. Justamente, es aqu\u00ed donde aparece una de las atribuciones, en el<strong>&nbsp;cap\u00edtulo 3, art\u00edculo 99, punto 5.<\/strong><\/p>\n\n\n\n<p>El jefe de Estado \u201c<strong>puede indultar o conmutar las penas por delitos sujetos a la jurisdicci\u00f3n federal, previo informe del tribunal correspondiente,<\/strong>&nbsp;excepto en los casos de acusaci\u00f3n por la C\u00e1mara de Diputados\u201d.<\/p>\n\n\n\n<p>Todo comenz\u00f3 a partir del reclamo de un sector del kirchnerismo que se\u00f1alan que, por ejemplo,<strong>&nbsp;Julio de Vido y&nbsp;Amado Boudou<\/strong>&nbsp;est\u00e1n presos por su posici\u00f3n pol\u00edtica y no por los delitos de corrupci\u00f3n por los que fueron condenados.<\/p>\n\n\n\n<figure class=\"wp-block-image\"><img decoding=\"async\" src=\"https:\/\/viapais.com.ar\/files\/2019\/12\/20191214015051_40604789_0_body-768x501.jpg\" alt=\"Julio de Vido. (Foto: Web)\"\/><\/figure>\n\n\n\n<p>\u201c<strong>El que piensa que voy a llegar a la Casa Rosada para dar un indulto es un est\u00fapido, yo descreo del indulto.<\/strong>&nbsp;Los presidentes no est\u00e1n para perdonar a nadie. Si me toca ser presidente, yo me voy a ocupar de que el primero que tenga un desliz se haga cargo de lo que hace. Para atr\u00e1s es un tema judicial. Y espero que la Justicia lo resuelva\u201d, prometi\u00f3 sobre esa posibilidad.<\/p>\n\n\n\n<hr class=\"wp-block-separator\"\/>\n\n\n\n<p><a href=\"https:\/\/viapais.com.ar\/argentina\/1581773-un-articulo-de-la-constitucion-la-razon-por-la-que-alberto-fernandez-evita-hablar-de-presos-politicos\/#comentarios\"><\/a><br><\/p>\n","protected":false},"excerpt":{"rendered":"<p>El presidente,\u00a0Alberto Fern\u00e1ndez, hizo p\u00fablico su enojo al referirse a la presi\u00f3n de un sector del kirchnerismo por incluir a exfuncionarios y dirigentes en la categor\u00eda de\u00a0\u201cpresos pol\u00edticos\u201d. Es que el mandatario se ve limitado para hablar de ese asunto, debido a que se ve condicionado por una de las atribuciones impuestas por la Constituci\u00f3n &hellip;<\/p>\n","protected":false},"author":2,"featured_media":1731,"comment_status":"open","ping_status":"open","sticky":false,"template":"","format":"standard","meta":{"_jetpack_memberships_contains_paid_content":false,"footnotes":"","jetpack_publicize_message":"","jetpack_publicize_feature_enabled":true,"jetpack_social_post_already_shared":true,"jetpack_social_options":{"image_generator_settings":{"template":"highway","default_image_id":0,"font":"","enabled":false},"version":2}},"categories":[14,12],"tags":[],"class_list":["post-1730","post","type-post","status-publish","format-standard","has-post-thumbnail","hentry","category-politica","category-ultimo"],"jetpack_publicize_connections":[],"jetpack_featured_media_url":"https:\/\/portalmovil.com.ar\/wp-content\/uploads\/2020\/02\/alberto-bernardinoavila-0.jpg","jetpack_sharing_enabled":true,"amp_enabled":true,"_links":{"self":[{"href":"https:\/\/portalmovil.com.ar\/index.php\/wp-json\/wp\/v2\/posts\/1730","targetHints":{"allow":["GET"]}}],"collection":[{"href":"https:\/\/portalmovil.com.ar\/index.php\/wp-json\/wp\/v2\/posts"}],"about":[{"href":"https:\/\/portalmovil.com.ar\/index.php\/wp-json\/wp\/v2\/types\/post"}],"author":[{"embeddable":true,"href":"https:\/\/portalmovil.com.ar\/index.php\/wp-json\/wp\/v2\/users\/2"}],"replies":[{"embeddable":true,"href":"https:\/\/portalmovil.com.ar\/index.php\/wp-json\/wp\/v2\/comments?post=1730"}],"version-history":[{"count":1,"href":"https:\/\/portalmovil.com.ar\/index.php\/wp-json\/wp\/v2\/posts\/1730\/revisions"}],"predecessor-version":[{"id":1732,"href":"https:\/\/portalmovil.com.ar\/index.php\/wp-json\/wp\/v2\/posts\/1730\/revisions\/1732"}],"wp:featuredmedia":[{"embeddable":true,"href":"https:\/\/portalmovil.com.ar\/index.php\/wp-json\/wp\/v2\/media\/1731"}],"wp:attachment":[{"href":"https:\/\/portalmovil.com.ar\/index.php\/wp-json\/wp\/v2\/media?parent=1730"}],"wp:term":[{"taxonomy":"category","embeddable":true,"href":"https:\/\/portalmovil.com.ar\/index.php\/wp-json\/wp\/v2\/categories?post=1730"},{"taxonomy":"post_tag","embeddable":true,"href":"https:\/\/portalmovil.com.ar\/index.php\/wp-json\/wp\/v2\/tags?post=1730"}],"curies":[{"name":"wp","href":"https:\/\/api.w.org\/{rel}","templated":true}]}}