{"id":1727,"date":"2020-02-12T14:43:31","date_gmt":"2020-02-12T17:43:31","guid":{"rendered":"http:\/\/portalmovil.com.ar\/?p=1727"},"modified":"2020-02-12T14:43:38","modified_gmt":"2020-02-12T17:43:38","slug":"el-gobierno-recibio-al-gremio-ate-y-aptasch","status":"publish","type":"post","link":"https:\/\/portalmovil.com.ar\/index.php\/2020\/02\/12\/el-gobierno-recibio-al-gremio-ate-y-aptasch\/","title":{"rendered":"El gobierno recibi\u00f3 al gremio ATE y APTASCH"},"content":{"rendered":"\n<p>El gobernador Jorge Capitanich, junto al ministro de gobierno Juan Manuel Chapo, recibi\u00f3 en el Sal\u00f3n de Acuerdos a representantes de la Asociaci\u00f3n de Trabajadores del Estado (ATE) y la Asociaci\u00f3n de Profesionales, T\u00e9cnicos y Auxiliares de Salud P\u00fablica del Chaco (APTASCH) en dos reuniones sucesivas. Se avanz\u00f3 en temas puntuales como la efectiva implementaci\u00f3n de los convenios colectivos de trabajo, la pauta salarial, el pedido sindical de rever pases a planta irregulares durante la gesti\u00f3n anterior, estabilidad laboral de precarizados, bonificaciones y la situaci\u00f3n de los agentes de salud p\u00fablica.<\/p>\n\n\n\n<p>De esta forma, el Gobierno provincial lleva adelante una agenda de trabajo con los distintos gremios que nuclean a los trabajadores de la provincia a los efectos de arribar a un consenso salarial y avanzar con respuestas concretas a las demandas de cada sector. Para ello, se conformar\u00e1n mesas t\u00e9cnicas con el fin de avanzar en cada uno de los \u00edtems del petitorio de los sindicatos.<\/p>\n\n\n\n<p>De las reuniones participaron los subsecretarios de Gobierno Ra\u00fal Germ\u00e1n Bittel, y de Salud Alejandro Garc\u00eda, adem\u00e1s de la subsecretaria de Coordinaci\u00f3n y Gesti\u00f3n en Salud, Mar\u00eda Laura Farela. En representaci\u00f3n de los sindicatos estuvieron presentes Mario Bustamante, secretario General de ATE; y Ricardo Matzkin, de APTASCH, adem\u00e1s de los integrantes de los consejos directivos.<\/p>\n\n\n\n<p>Bittel coment\u00f3 que se plantearon distintas agendas de trabajo y precis\u00f3 que en la primera reuni\u00f3n, con ATE, se avanz\u00f3 en la implementaci\u00f3n de los convenios colectivos de trabajo en el \u00e1mbito provincial, adem\u00e1s de la importancia de garantizar la carrera sanitaria. Tambi\u00e9n evaluaron la situaci\u00f3n laboral de los agentes que cumplen funciones en Turismo, Cultura, Registro de la Propiedad del Inmueble e Infraestructura.<\/p>\n\n\n\n<p>\u201cSe plantearon adem\u00e1s distintos esquemas de trabajo de formaci\u00f3n y capacitaci\u00f3n de agentes, para optimizar los servicios que brinda Estado\u201d dijo el funcionario y valor\u00f3 el inter\u00e9s del gremio en mejorar la eficiencia del Estado. &nbsp;\u201cEst\u00e1n interesados no solo en la protecci\u00f3n de sus trabajadores, sino tambi\u00e9n en generar espacios de trabajo en conjunto para que los servicios del Estado sean \u00f3ptimos y avanzar en los procesos de modernizaci\u00f3n estatal\u201d, explic\u00f3.<\/p>\n\n\n\n<p>Sobre la segunda reuni\u00f3n, con APTASCH, Garc\u00eda adelant\u00f3 que en los pr\u00f3ximos d\u00edas se convocar\u00e1 a los gremios a una reuni\u00f3n con los ministros de Econom\u00eda y de Trabajo para trabajar en las negociaciones colectivas sobre el tema salarial. En esa l\u00ednea, el funcionario asegur\u00f3 que avanzar en la reglamentaci\u00f3n de la carrera sanitaria es \u201cfundamental\u201d para el proyecto de acuerdo salarial.<\/p>\n\n\n\n<p>Tambi\u00e9n en relaci\u00f3n a la situaci\u00f3n de los trabajadores de la salud, Garc\u00eda mencion\u00f3 que se dialog\u00f3 sobre bonificaciones pendientes, algunas de hace m\u00e1s de dos a\u00f1os, y asegur\u00f3 que se trabajar\u00e1 \u201cpara dar soluci\u00f3n a esos tr\u00e1mites\u201d. Por otro lado, las partes abordaron los sistemas de provisi\u00f3n de insumos sanitarios y necesidad de mejoramiento de la infraestructura. \u201cExpusimos detalles de las compras, licitaciones y proyectos de c\u00f3mo ser\u00e1 el plan de avance en este aspecto\u201d, detall\u00f3 el subsecretario.<\/p>\n\n\n\n<p>\u201cEl objetivo del gobernador Capitanich es optimizar el sistema con profesionales de alta capacidad operativa, muy bien formados y con buenas condiciones laborales, para mejorar as\u00ed el acceso y el derecho a la salud de todos los chaque\u00f1os\u201d, asegur\u00f3.<\/p>\n\n\n\n<p><strong>ATE: Reapertura del dialogo con los gremios<\/strong><\/p>\n\n\n\n<p>El Secretario General de ATE, Mario Bustamante destac\u00f3 la importancia del restablecimiento del v\u00ednculo institucional. \u201cSe hab\u00eda cortado durante cuatro a\u00f1os con el gobierno anterior por lo que es muy positivo que se convoque a los sindicatos ya que tenemos toda la legalidad y la legitimidad para actuar sobre estos temas\u201d, dijo. Se\u00f1al\u00f3 que el eje central de la reuni\u00f3n fue la discusi\u00f3n de la reglamentaci\u00f3n de las paritarias, que incluye bonificaciones sectoriales, tema salarial y concursos. \u201cEsto servir\u00e1 para ordenar al Estado\u201d, remarc\u00f3.<\/p>\n\n\n\n<p>Cont\u00f3 adem\u00e1s que en la ocasi\u00f3n se insisti\u00f3 en la revisi\u00f3n de los pases a planta irregulares, efectuados en la gesti\u00f3n anterior, como as\u00ed tambi\u00e9n en la apertura de la pauta salarial. \u201cToda cifra o monto que se d\u00e9 a los trabajadores debe ser en blanco\u201d, reiter\u00f3. Pidi\u00f3 una revisi\u00f3n del Estado sobre la situaci\u00f3n de todos los trabajadores de la provincia y de \u201ctodos los nombramientos de los directores a dedo que fueron realizados en los \u00faltimos meses del gobierno anterior\u201d.<\/p>\n\n\n\n<p>Por otro lado, el representante sindical se refiri\u00f3 a la importancia de trabajar en un proyecto de ley municipal de paritarias y en el efectivo cumplimiento de la carrera administrativa en todas las dimensiones del Estado. Por \u00faltimo, coment\u00f3 que el gremio present\u00f3 al gobernador distintas l\u00edneas de trabajo que viene desarrollando, como el protocolo de intervenci\u00f3n ante situaciones de violencia de g\u00e9nero. \u201cTambi\u00e9n se abord\u00f3 la presentaci\u00f3n de un proyecto de ley para la protecci\u00f3n laboral de la mujer, planteando la necesidad de institucionalizar un protocolo\u201d, concluy\u00f3.<\/p>\n\n\n\n<p><strong>APTASCH: Pauta salarial, carrera sanitaria, infraestructura e insumos<\/strong><\/p>\n\n\n\n<p>En tanto, el secretario General de APTASCH Ricardo Matzkin hizo hincapi\u00e9 en la necesidad de dar \u201csoluci\u00f3n integral\u201d al conjunto de trabajadores precarizados de la salud. \u201cSobre este tema planteamos propuestas como la regularizaci\u00f3n de trabajadores con contrato de servicio y planes m\u00e9dicos comunitarios\u201d, dijo.<\/p>\n\n\n\n<p>En cuanto a provisi\u00f3n de insumos y refacciones edilicias, valor\u00f3 la posibilidad de contar con informaci\u00f3n acerca de los avances concretos que se van concretando. \u201cEs importante poder dar cuenta a la poblaci\u00f3n y a los trabajadores, para que tengamos una visi\u00f3n palpable de c\u00f3mo se van cumpliendo las pautas planteadas para recuperar la regularizaci\u00f3n del sistema de salud\u201d, asegur\u00f3.<\/p>\n\n\n\n<p>As\u00ed, el representante gremial celebr\u00f3 que se haya puesto en marcha un mecanismo para recuperar el sector, que \u201cestaba paralizado por una situaci\u00f3n de colapso\u201d. Finalmente, sobre la discusi\u00f3n salarial, se\u00f1al\u00f3: \u201cSomos optimistas y esperamos llegar a un acuerdo satisfactorio para los trabajadores\u201d.<\/p>\n","protected":false},"excerpt":{"rendered":"<p>El gobernador Jorge Capitanich, junto al ministro de gobierno Juan Manuel Chapo, recibi\u00f3 en el Sal\u00f3n de Acuerdos a representantes de la Asociaci\u00f3n de Trabajadores del Estado (ATE) y la Asociaci\u00f3n de Profesionales, T\u00e9cnicos y Auxiliares de Salud P\u00fablica del Chaco (APTASCH) en dos reuniones sucesivas. Se avanz\u00f3 en temas puntuales como la efectiva implementaci\u00f3n &hellip;<\/p>\n","protected":false},"author":2,"featured_media":1728,"comment_status":"open","ping_status":"open","sticky":false,"template":"","format":"standard","meta":{"_jetpack_memberships_contains_paid_content":false,"footnotes":"","jetpack_publicize_message":"","jetpack_publicize_feature_enabled":true,"jetpack_social_post_already_shared":true,"jetpack_social_options":{"image_generator_settings":{"template":"highway","default_image_id":0,"font":"","enabled":false},"version":2}},"categories":[5,14],"tags":[197,198],"class_list":["post-1727","post","type-post","status-publish","format-standard","has-post-thumbnail","hentry","category-chaco","category-politica","tag-gremios","tag-pauta-salarial"],"jetpack_publicize_connections":[],"jetpack_featured_media_url":"https:\/\/portalmovil.com.ar\/wp-content\/uploads\/2020\/02\/mp-2-1.jpg","jetpack_sharing_enabled":true,"amp_enabled":true,"_links":{"self":[{"href":"https:\/\/portalmovil.com.ar\/index.php\/wp-json\/wp\/v2\/posts\/1727","targetHints":{"allow":["GET"]}}],"collection":[{"href":"https:\/\/portalmovil.com.ar\/index.php\/wp-json\/wp\/v2\/posts"}],"about":[{"href":"https:\/\/portalmovil.com.ar\/index.php\/wp-json\/wp\/v2\/types\/post"}],"author":[{"embeddable":true,"href":"https:\/\/portalmovil.com.ar\/index.php\/wp-json\/wp\/v2\/users\/2"}],"replies":[{"embeddable":true,"href":"https:\/\/portalmovil.com.ar\/index.php\/wp-json\/wp\/v2\/comments?post=1727"}],"version-history":[{"count":1,"href":"https:\/\/portalmovil.com.ar\/index.php\/wp-json\/wp\/v2\/posts\/1727\/revisions"}],"predecessor-version":[{"id":1729,"href":"https:\/\/portalmovil.com.ar\/index.php\/wp-json\/wp\/v2\/posts\/1727\/revisions\/1729"}],"wp:featuredmedia":[{"embeddable":true,"href":"https:\/\/portalmovil.com.ar\/index.php\/wp-json\/wp\/v2\/media\/1728"}],"wp:attachment":[{"href":"https:\/\/portalmovil.com.ar\/index.php\/wp-json\/wp\/v2\/media?parent=1727"}],"wp:term":[{"taxonomy":"category","embeddable":true,"href":"https:\/\/portalmovil.com.ar\/index.php\/wp-json\/wp\/v2\/categories?post=1727"},{"taxonomy":"post_tag","embeddable":true,"href":"https:\/\/portalmovil.com.ar\/index.php\/wp-json\/wp\/v2\/tags?post=1727"}],"curies":[{"name":"wp","href":"https:\/\/api.w.org\/{rel}","templated":true}]}}