{"id":17269,"date":"2020-12-21T11:51:52","date_gmt":"2020-12-21T14:51:52","guid":{"rendered":"https:\/\/portalmovil.com.ar\/?p=17269"},"modified":"2020-12-21T11:51:54","modified_gmt":"2020-12-21T14:51:54","slug":"se-oficializo-la-prestacion-basica-de-celular-cable-e-internet","status":"publish","type":"post","link":"https:\/\/portalmovil.com.ar\/index.php\/2020\/12\/21\/se-oficializo-la-prestacion-basica-de-celular-cable-e-internet\/","title":{"rendered":"Se oficializ\u00f3 la prestaci\u00f3n b\u00e1sica de celular, cable e internet"},"content":{"rendered":"\n<p>El Gobierno formaliz\u00f3 tambi\u00e9n los incrementos de hasta 8% para las tarifas de estos servicios a partir del primer mes del a\u00f1o.&nbsp;<\/p>\n\n\n\n<p>Lo hizo a trav\u00e9s de las resoluciones 1466\/2020 y 1467\/2020 del Ente Nacional de Comunicaciones (Enacom) publicadas hoy en el Bolet\u00edn Oficial.<\/p>\n\n\n\n<p>Entre los beneficiarios figuran jubilados y pensionados con remuneraci\u00f3n inferior o igual a dos salarios m\u00ednimos; trabajadores y trabajadoras en relaci\u00f3n de dependencia con remuneraci\u00f3n inferior o igual a dos salarios m\u00ednimos, los beneficiarios de las asignaciones universales por Hijo y por Embarazo.<\/p>\n\n\n\n<p>Tambi\u00e9n comprende a quienes perciben pensiones no contributivas con remuneraci\u00f3n inferior o igual a dos salarios m\u00ednimos, a inscriptos en el Monotributo Social, as\u00ed como a trabajadores y trabajadoras monotributistas cuyo ingreso anual mensualizado no supere dos salarios m\u00ednimos y seguro de desempleo.<\/p>\n\n\n\n<p>Adem\u00e1s, los beneficiarios del R\u00e9gimen Especial de Seguridad Social para Empleados de Casas Particulares, usuarios y usuarias que perciban una beca del Programa Progresar, personas desocupadas o en la econom\u00eda informal, y de programas sociales, en todos los casos incluidos sus hijos de entre 16 y 18 a\u00f1os.<\/p>\n\n\n\n<p>La norma incluye asimismo a los clubes de barrio y de pueblo registrados, asociaciones de bomberos voluntarios registrados, entidades de bien p\u00fablico sin fines de lucro y organizaciones comunitarias sin fines de lucro con reconocimiento municipal.<\/p>\n\n\n\n<p>En la otra resoluci\u00f3n, se autoriz\u00f3 un aumento para las empresas de estos servicios p\u00fablicos en general, de hasta 5% para enero pr\u00f3ximo.<\/p>\n\n\n\n<p>Pero para el caso de los licenciatarios que posean menos de 100.000 accesos y que no hubieran aumentado sus precios en cualquiera de sus planes y servicios durante 2020, podr\u00e1n incrementar el valor de sus precios minoristas, hasta un 8%.<\/p>\n\n\n\n<p>Para establecer los porcentajes aprobados, se deber\u00e1n tomar como referencia sus precios vigentes al 31 de julio 2020.<\/p>\n\n\n\n<p>La normativa tambi\u00e9n dispuso que cualquier pretensi\u00f3n particular de incremento de un porcentaje superior a los establecidos \u201cdeber\u00e1 solicitarse con car\u00e1cter excepcional y fundarse debidamente a trav\u00e9s de documentaci\u00f3n fehaciente\u201d.<\/p>\n","protected":false},"excerpt":{"rendered":"<p>El Gobierno formaliz\u00f3 tambi\u00e9n los incrementos de hasta 8% para las tarifas de estos servicios a partir del primer mes del a\u00f1o.&nbsp; Lo hizo a trav\u00e9s de las resoluciones 1466\/2020 y 1467\/2020 del Ente Nacional de Comunicaciones (Enacom) publicadas hoy en el Bolet\u00edn Oficial. Entre los beneficiarios figuran jubilados y pensionados con remuneraci\u00f3n inferior o &hellip;<\/p>\n","protected":false},"author":2,"featured_media":16287,"comment_status":"open","ping_status":"open","sticky":false,"template":"","format":"standard","meta":{"_jetpack_memberships_contains_paid_content":false,"footnotes":"","jetpack_publicize_message":"","jetpack_publicize_feature_enabled":true,"jetpack_social_post_already_shared":true,"jetpack_social_options":{"image_generator_settings":{"template":"highway","default_image_id":0,"font":"","enabled":false},"version":2}},"categories":[34,12],"tags":[],"class_list":["post-17269","post","type-post","status-publish","format-standard","has-post-thumbnail","hentry","category-nacional","category-ultimo"],"jetpack_publicize_connections":[],"jetpack_featured_media_url":"https:\/\/portalmovil.com.ar\/wp-content\/uploads\/2020\/12\/multimedia.normal.bf51930a881af62f.5f4d475f31313033202831292028312920283129202831295f6e6f726d616c2e6a7067.jpg","jetpack_sharing_enabled":true,"amp_enabled":true,"_links":{"self":[{"href":"https:\/\/portalmovil.com.ar\/index.php\/wp-json\/wp\/v2\/posts\/17269","targetHints":{"allow":["GET"]}}],"collection":[{"href":"https:\/\/portalmovil.com.ar\/index.php\/wp-json\/wp\/v2\/posts"}],"about":[{"href":"https:\/\/portalmovil.com.ar\/index.php\/wp-json\/wp\/v2\/types\/post"}],"author":[{"embeddable":true,"href":"https:\/\/portalmovil.com.ar\/index.php\/wp-json\/wp\/v2\/users\/2"}],"replies":[{"embeddable":true,"href":"https:\/\/portalmovil.com.ar\/index.php\/wp-json\/wp\/v2\/comments?post=17269"}],"version-history":[{"count":1,"href":"https:\/\/portalmovil.com.ar\/index.php\/wp-json\/wp\/v2\/posts\/17269\/revisions"}],"predecessor-version":[{"id":17270,"href":"https:\/\/portalmovil.com.ar\/index.php\/wp-json\/wp\/v2\/posts\/17269\/revisions\/17270"}],"wp:featuredmedia":[{"embeddable":true,"href":"https:\/\/portalmovil.com.ar\/index.php\/wp-json\/wp\/v2\/media\/16287"}],"wp:attachment":[{"href":"https:\/\/portalmovil.com.ar\/index.php\/wp-json\/wp\/v2\/media?parent=17269"}],"wp:term":[{"taxonomy":"category","embeddable":true,"href":"https:\/\/portalmovil.com.ar\/index.php\/wp-json\/wp\/v2\/categories?post=17269"},{"taxonomy":"post_tag","embeddable":true,"href":"https:\/\/portalmovil.com.ar\/index.php\/wp-json\/wp\/v2\/tags?post=17269"}],"curies":[{"name":"wp","href":"https:\/\/api.w.org\/{rel}","templated":true}]}}