{"id":17207,"date":"2020-12-19T19:44:57","date_gmt":"2020-12-19T22:44:57","guid":{"rendered":"https:\/\/portalmovil.com.ar\/?p=17207"},"modified":"2020-12-19T19:44:59","modified_gmt":"2020-12-19T22:44:59","slug":"el-gobierno-presento-el-plan-provincial-de-vacunacion-contra-la-covid-19","status":"publish","type":"post","link":"https:\/\/portalmovil.com.ar\/index.php\/2020\/12\/19\/el-gobierno-presento-el-plan-provincial-de-vacunacion-contra-la-covid-19\/","title":{"rendered":"El gobierno present\u00f3 el Plan Provincial de Vacunaci\u00f3n contra la COVID-19"},"content":{"rendered":"\n<p>El gobierno del\u00a0 Chaco present\u00f3 los objetivos del Plan Provincial de Vacunaci\u00f3n contra la COVID-19. As\u00ed lo hizo saber el gobernador Jorge Capitanich a trav\u00e9s de sus redes sociales al informar el encuentro que mantuvo con representantes de la salud, de las fuerzas de seguridad y legisladores de la provincia.<\/p>\n\n\n\n<p>El programa tiene como objetivo capacitar al personal y planificar la log\u00edstica y distribuci\u00f3n de la vacuna en los centros de vacunaci\u00f3n de toda la provincia para disminuir los contagios de coronavirus y as\u00ed cuidar la salud de toda la poblaci\u00f3n chaque\u00f1a. El mandatario anunci\u00f3 que la vacunaci\u00f3n comenzar\u00e1 por el personal de salud, de las residencias de adultos mayores y fuerzas de seguridad; luego continuar\u00e1 con las personas mayores de 60 a\u00f1os y finalmente para quienes presenten enfermedades cr\u00f3nicas. \u201cEn total ser\u00e1n 266 mil chaque\u00f1os y chaque\u00f1as\u201d, detall\u00f3.<\/p>\n\n\n\n<p>Tambi\u00e9n, promueve la creaci\u00f3n del Consejo Provincial de Vacunaci\u00f3n para monitoreo y seguimiento de la aplicaci\u00f3n del plan en todo el territorio. &nbsp;\u201cVacunarnos es la acci\u00f3n m\u00e1s importante que podemos realizar para frenar los contagios y cuidar a los que amamos\u201d, concluy\u00f3 Capitanich.<\/p>\n","protected":false},"excerpt":{"rendered":"<p>El gobierno del\u00a0 Chaco present\u00f3 los objetivos del Plan Provincial de Vacunaci\u00f3n contra la COVID-19. As\u00ed lo hizo saber el gobernador Jorge Capitanich a trav\u00e9s de sus redes sociales al informar el encuentro que mantuvo con representantes de la salud, de las fuerzas de seguridad y legisladores de la provincia. El programa tiene como objetivo &hellip;<\/p>\n","protected":false},"author":2,"featured_media":17209,"comment_status":"open","ping_status":"open","sticky":false,"template":"","format":"standard","meta":{"_jetpack_memberships_contains_paid_content":false,"footnotes":"","jetpack_publicize_message":"","jetpack_publicize_feature_enabled":true,"jetpack_social_post_already_shared":true,"jetpack_social_options":{"image_generator_settings":{"template":"highway","default_image_id":0,"font":"","enabled":false},"version":2}},"categories":[5,14],"tags":[],"class_list":["post-17207","post","type-post","status-publish","format-standard","has-post-thumbnail","hentry","category-chaco","category-politica"],"jetpack_publicize_connections":[],"jetpack_featured_media_url":"https:\/\/portalmovil.com.ar\/wp-content\/uploads\/2020\/12\/5fde293099a1c559369241.jpg","jetpack_sharing_enabled":true,"amp_enabled":true,"_links":{"self":[{"href":"https:\/\/portalmovil.com.ar\/index.php\/wp-json\/wp\/v2\/posts\/17207","targetHints":{"allow":["GET"]}}],"collection":[{"href":"https:\/\/portalmovil.com.ar\/index.php\/wp-json\/wp\/v2\/posts"}],"about":[{"href":"https:\/\/portalmovil.com.ar\/index.php\/wp-json\/wp\/v2\/types\/post"}],"author":[{"embeddable":true,"href":"https:\/\/portalmovil.com.ar\/index.php\/wp-json\/wp\/v2\/users\/2"}],"replies":[{"embeddable":true,"href":"https:\/\/portalmovil.com.ar\/index.php\/wp-json\/wp\/v2\/comments?post=17207"}],"version-history":[{"count":1,"href":"https:\/\/portalmovil.com.ar\/index.php\/wp-json\/wp\/v2\/posts\/17207\/revisions"}],"predecessor-version":[{"id":17210,"href":"https:\/\/portalmovil.com.ar\/index.php\/wp-json\/wp\/v2\/posts\/17207\/revisions\/17210"}],"wp:featuredmedia":[{"embeddable":true,"href":"https:\/\/portalmovil.com.ar\/index.php\/wp-json\/wp\/v2\/media\/17209"}],"wp:attachment":[{"href":"https:\/\/portalmovil.com.ar\/index.php\/wp-json\/wp\/v2\/media?parent=17207"}],"wp:term":[{"taxonomy":"category","embeddable":true,"href":"https:\/\/portalmovil.com.ar\/index.php\/wp-json\/wp\/v2\/categories?post=17207"},{"taxonomy":"post_tag","embeddable":true,"href":"https:\/\/portalmovil.com.ar\/index.php\/wp-json\/wp\/v2\/tags?post=17207"}],"curies":[{"name":"wp","href":"https:\/\/api.w.org\/{rel}","templated":true}]}}