{"id":1709,"date":"2020-02-11T23:28:51","date_gmt":"2020-02-12T02:28:51","guid":{"rendered":"http:\/\/portalmovil.com.ar\/?p=1709"},"modified":"2020-02-11T23:38:38","modified_gmt":"2020-02-12T02:38:38","slug":"convocan-a-una-marcha-al-congreso-por-el-asesinato-de-los-rugbiers","status":"publish","type":"post","link":"https:\/\/portalmovil.com.ar\/index.php\/2020\/02\/11\/convocan-a-una-marcha-al-congreso-por-el-asesinato-de-los-rugbiers\/","title":{"rendered":"Convocan a una marcha al Congreso por el asesinato de los rugbiers"},"content":{"rendered":"\n<p>La madre de Fernando B\u00e1ez Sosa, asesinado a golpes en Villa Gesell a la salida de un boliche, convoc\u00f3 esta noche a una marcha frente al Congreso Nacional para el pr\u00f3ximo martes, cuando se cumpla un mes del crimen del joven, y asegur\u00f3 que se pedir\u00e1 \u201cjusticia\u201d por su hijo \u201cy por todas las v\u00edctimas de violencia\u201d.<\/p>\n\n\n\n<p>Graciela, la madre de Fernando, dijo a la prensa que \u201chasta el momento\u201d conf\u00eda \u201cplenamente en que se va a hacer justicia\u201d por su hijo, que \u201cva a llegar ese momento y ese d\u00eda\u201d su \u201ccoraz\u00f3n va a estar tranquilo\u201d, y posteriormente ley\u00f3 un texto en el que invit\u00f3 a la ciudadan\u00eda a una marcha la semana que viene, al cumplirse un mes del asesinato del estudiante.<\/p>\n\n\n\n<figure class=\"wp-block-image size-large\"><img loading=\"lazy\" decoding=\"async\" width=\"480\" height=\"320\" src=\"https:\/\/portalmovil.com.ar\/wp-content\/uploads\/2020\/02\/crimen-20fernando-20sosa-20foto-20guadalupe-20lombardo.jpg\" alt=\"\" class=\"wp-image-1710\" srcset=\"https:\/\/portalmovil.com.ar\/wp-content\/uploads\/2020\/02\/crimen-20fernando-20sosa-20foto-20guadalupe-20lombardo.jpg 480w, https:\/\/portalmovil.com.ar\/wp-content\/uploads\/2020\/02\/crimen-20fernando-20sosa-20foto-20guadalupe-20lombardo-300x200.jpg 300w\" sizes=\"auto, (max-width: 480px) 100vw, 480px\" \/><\/figure>\n\n\n\n<p>\u201cLa violencia es un flagelo que arrasa y destruye sin distinci\u00f3n alguna. No hay religi\u00f3n, clase social, nacionalidad, raza o edad que la frene. Por eso queremos decir basta de violencia, con energ\u00eda y decisi\u00f3n, para que se escuche en cada rinc\u00f3n de la Argentina. Por ese motivo, el martes 18 de febrero, a las 18 horas, vamos a pedir justicia por Fernando, asesinado brutalmente en Villa Gesell el pasado 18 de enero, y por todas las v\u00edctimas de violencia\u00bb, manifest\u00f3 mediante el comunicado.<\/p>\n\n\n\n<p>El texto, le\u00eddo por Graciela mientras era acompa\u00f1ada por su marido Silvino, concluy\u00f3 al se\u00f1alar que la convocatoria es \u00aben el Congreso Nacional\u00bb, para que el \u00abmensaje llegue a cada familia y a cada ciudadano que quiera sumarse a este pedido de condena a la violencia\u201d.<\/p>\n\n\n\n<p>Luego Graciela se\u00f1al\u00f3 que recibieron un mensaje telef\u00f3nico del Papa Francisco, al que sienten \u201cmuy cerca\u201d de ellos, porque los apoya y les dio \u201csu bendici\u00f3n\u201d, y cree que \u201cesa luz divina est\u00e1 llegando\u201d.<\/p>\n\n\n\n<p>Por \u00faltimo, asegur\u00f3 que est\u00e1 \u201cpasando un momento muy dif\u00edcil\u201d ya que esta semana recibi\u00f3 \u201cla valija\u201d de su hijo, y \u201cno es f\u00e1cil sacar cada ropa\u201d del joven, a la que \u201col\u00eda\u201d y se \u201ctiraba arriba\u201d.<\/p>\n\n\n\n<p>Fuente: T\u00e9lam.<\/p>\n","protected":false},"excerpt":{"rendered":"<p>La madre de Fernando B\u00e1ez Sosa, asesinado a golpes en Villa Gesell a la salida de un boliche, convoc\u00f3 esta noche a una marcha frente al Congreso Nacional para el pr\u00f3ximo martes, cuando se cumpla un mes del crimen del joven, y asegur\u00f3 que se pedir\u00e1 \u201cjusticia\u201d por su hijo \u201cy por todas las v\u00edctimas &hellip;<\/p>\n","protected":false},"author":2,"featured_media":1713,"comment_status":"open","ping_status":"open","sticky":false,"template":"","format":"standard","meta":{"_jetpack_memberships_contains_paid_content":false,"footnotes":"","jetpack_publicize_message":"","jetpack_publicize_feature_enabled":true,"jetpack_social_post_already_shared":true,"jetpack_social_options":{"image_generator_settings":{"template":"highway","default_image_id":0,"font":"","enabled":false},"version":2}},"categories":[50,12],"tags":[],"class_list":["post-1709","post","type-post","status-publish","format-standard","has-post-thumbnail","hentry","category-judiciales","category-ultimo"],"jetpack_publicize_connections":[],"jetpack_featured_media_url":"https:\/\/portalmovil.com.ar\/wp-content\/uploads\/2020\/02\/1581467969901.jpg","jetpack_sharing_enabled":true,"amp_enabled":true,"_links":{"self":[{"href":"https:\/\/portalmovil.com.ar\/index.php\/wp-json\/wp\/v2\/posts\/1709","targetHints":{"allow":["GET"]}}],"collection":[{"href":"https:\/\/portalmovil.com.ar\/index.php\/wp-json\/wp\/v2\/posts"}],"about":[{"href":"https:\/\/portalmovil.com.ar\/index.php\/wp-json\/wp\/v2\/types\/post"}],"author":[{"embeddable":true,"href":"https:\/\/portalmovil.com.ar\/index.php\/wp-json\/wp\/v2\/users\/2"}],"replies":[{"embeddable":true,"href":"https:\/\/portalmovil.com.ar\/index.php\/wp-json\/wp\/v2\/comments?post=1709"}],"version-history":[{"count":1,"href":"https:\/\/portalmovil.com.ar\/index.php\/wp-json\/wp\/v2\/posts\/1709\/revisions"}],"predecessor-version":[{"id":1712,"href":"https:\/\/portalmovil.com.ar\/index.php\/wp-json\/wp\/v2\/posts\/1709\/revisions\/1712"}],"wp:featuredmedia":[{"embeddable":true,"href":"https:\/\/portalmovil.com.ar\/index.php\/wp-json\/wp\/v2\/media\/1713"}],"wp:attachment":[{"href":"https:\/\/portalmovil.com.ar\/index.php\/wp-json\/wp\/v2\/media?parent=1709"}],"wp:term":[{"taxonomy":"category","embeddable":true,"href":"https:\/\/portalmovil.com.ar\/index.php\/wp-json\/wp\/v2\/categories?post=1709"},{"taxonomy":"post_tag","embeddable":true,"href":"https:\/\/portalmovil.com.ar\/index.php\/wp-json\/wp\/v2\/tags?post=1709"}],"curies":[{"name":"wp","href":"https:\/\/api.w.org\/{rel}","templated":true}]}}