{"id":1701,"date":"2020-02-11T21:24:18","date_gmt":"2020-02-12T00:24:18","guid":{"rendered":"http:\/\/portalmovil.com.ar\/?p=1701"},"modified":"2020-02-11T21:24:25","modified_gmt":"2020-02-12T00:24:25","slug":"el-gobierno-pedira-que-incluya-al-presupuesto-nacional-la-ejecucion-del-segundo-puente","status":"publish","type":"post","link":"https:\/\/portalmovil.com.ar\/index.php\/2020\/02\/11\/el-gobierno-pedira-que-incluya-al-presupuesto-nacional-la-ejecucion-del-segundo-puente\/","title":{"rendered":"El Gobierno pedir\u00e1 que  incluya al presupuesto Nacional la ejecuci\u00f3n del segundo puente"},"content":{"rendered":"\n<p>El gobernador Jorge\u00a0Capitanich\u00a0anunci\u00f3 este martes, en el Sal\u00f3n Obligado de Casa de Gobierno, que el jueves 13 de febrero estar\u00e1 en\u00a0Buenos Aires\u00a0para pedir que el Proyecto Ejecutivo del Segundo Puente Chaco-Corrientes\u00a0sea incluido en el Presupuesto Nacional. <\/p>\n\n\n\n<p>Con el apoyo institucional del Rotary Club, Capitanich firm\u00f3 un acta compromiso que adem\u00e1s tendr\u00e1 la r\u00fabrica del gobernador de la provincia de Corrientes, Gustavo Vald\u00e9s, y que se lo entregar\u00e1 al ministro de Econom\u00eda de la Naci\u00f3n, Mart\u00edn Guzm\u00e1n, y al secretario de Hacienda, Ra\u00fal Rigo, para pedir el respaldo del Gobierno Nacional.<\/p>\n\n\n\n<p>El mandatario provincial, explic\u00f3 que debe buscarse \u201cun mecanismo de financiamiento a largo plazo que involucre al Estado Nacional y a las provincias, porque equivale al 40% del Presupuesto de la provincia\u201d.<\/p>\n","protected":false},"excerpt":{"rendered":"<p>El gobernador Jorge\u00a0Capitanich\u00a0anunci\u00f3 este martes, en el Sal\u00f3n Obligado de Casa de Gobierno, que el jueves 13 de febrero estar\u00e1 en\u00a0Buenos Aires\u00a0para pedir que el Proyecto Ejecutivo del Segundo Puente Chaco-Corrientes\u00a0sea incluido en el Presupuesto Nacional. Con el apoyo institucional del Rotary Club, Capitanich firm\u00f3 un acta compromiso que adem\u00e1s tendr\u00e1 la r\u00fabrica del gobernador &hellip;<\/p>\n","protected":false},"author":2,"featured_media":1702,"comment_status":"open","ping_status":"open","sticky":false,"template":"","format":"standard","meta":{"_jetpack_memberships_contains_paid_content":false,"footnotes":"","jetpack_publicize_message":"","jetpack_publicize_feature_enabled":true,"jetpack_social_post_already_shared":true,"jetpack_social_options":{"image_generator_settings":{"template":"highway","default_image_id":0,"font":"","enabled":false},"version":2}},"categories":[5,14,12],"tags":[],"class_list":["post-1701","post","type-post","status-publish","format-standard","has-post-thumbnail","hentry","category-chaco","category-politica","category-ultimo"],"jetpack_publicize_connections":[],"jetpack_featured_media_url":"https:\/\/portalmovil.com.ar\/wp-content\/uploads\/2020\/02\/771988_grande.jpg","jetpack_sharing_enabled":true,"amp_enabled":true,"_links":{"self":[{"href":"https:\/\/portalmovil.com.ar\/index.php\/wp-json\/wp\/v2\/posts\/1701","targetHints":{"allow":["GET"]}}],"collection":[{"href":"https:\/\/portalmovil.com.ar\/index.php\/wp-json\/wp\/v2\/posts"}],"about":[{"href":"https:\/\/portalmovil.com.ar\/index.php\/wp-json\/wp\/v2\/types\/post"}],"author":[{"embeddable":true,"href":"https:\/\/portalmovil.com.ar\/index.php\/wp-json\/wp\/v2\/users\/2"}],"replies":[{"embeddable":true,"href":"https:\/\/portalmovil.com.ar\/index.php\/wp-json\/wp\/v2\/comments?post=1701"}],"version-history":[{"count":1,"href":"https:\/\/portalmovil.com.ar\/index.php\/wp-json\/wp\/v2\/posts\/1701\/revisions"}],"predecessor-version":[{"id":1703,"href":"https:\/\/portalmovil.com.ar\/index.php\/wp-json\/wp\/v2\/posts\/1701\/revisions\/1703"}],"wp:featuredmedia":[{"embeddable":true,"href":"https:\/\/portalmovil.com.ar\/index.php\/wp-json\/wp\/v2\/media\/1702"}],"wp:attachment":[{"href":"https:\/\/portalmovil.com.ar\/index.php\/wp-json\/wp\/v2\/media?parent=1701"}],"wp:term":[{"taxonomy":"category","embeddable":true,"href":"https:\/\/portalmovil.com.ar\/index.php\/wp-json\/wp\/v2\/categories?post=1701"},{"taxonomy":"post_tag","embeddable":true,"href":"https:\/\/portalmovil.com.ar\/index.php\/wp-json\/wp\/v2\/tags?post=1701"}],"curies":[{"name":"wp","href":"https:\/\/api.w.org\/{rel}","templated":true}]}}