{"id":1694,"date":"2020-02-11T19:43:08","date_gmt":"2020-02-11T22:43:08","guid":{"rendered":"http:\/\/portalmovil.com.ar\/?p=1694"},"modified":"2020-02-11T19:43:15","modified_gmt":"2020-02-11T22:43:15","slug":"las-mujeres-detenidas-podran-recibir-asignaciones-familiares","status":"publish","type":"post","link":"https:\/\/portalmovil.com.ar\/index.php\/2020\/02\/11\/las-mujeres-detenidas-podran-recibir-asignaciones-familiares\/","title":{"rendered":"Las mujeres detenidas podr\u00e1n recibir asignaciones familiares"},"content":{"rendered":"\n<p>Las mujeres que se encuentren detenidas tendr\u00e1n derecho a percibir las asignaciones familiares por hijo y por embarazo otorgadas por ANSeS, de acuerdo con lo que resolvi\u00f3 este martes la Corte Suprema. El fallo tuvo lugar a ra\u00edz del reclamo de internas del Centro de Detenci\u00f3n de Mujeres Unidad 31.<\/p>\n\n\n\n<p>El reclamo fue promovido por la Procuraci\u00f3n Penitenciaria de la Naci\u00f3n y la Defensor\u00eda Oficial a trav\u00e9s de un h\u00e1beas corpus, que fue rechazado por la justicia federal de La Plata.<\/p>\n\n\n\n<p>\u201cEl ingreso a una prisi\u00f3n no despoja a las personas de la protecci\u00f3n de las leyes&nbsp;y, en primer lugar, de la Constituci\u00f3n Nacional\u201d, apunt\u00f3 el fallo que cont\u00f3 con el voto un\u00e1nime del Tribunal Supremo. De este modo, se confirm\u00f3 la sentencia de la C\u00e1mara Federal de Casaci\u00f3n Penal, que conden\u00f3 al organismo previsional a pagar asignaciones a las internas embarazadas o que optaron por permanecer en la c\u00e1rcel con sus hijos menores de 4 a\u00f1os.<\/p>\n\n\n\n<p>Casaci\u00f3n admiti\u00f3 luego con el fundamento de que \u201cla negativa a reconocer los beneficios pretendidos configuraba un supuesto de agravamiento ileg\u00edtimo de las condiciones de detenci\u00f3n y que&nbsp;la ley de asignaciones familiares no excluye a las mujeres privadas de la libertad ni a sus hijos\u201c.<\/p>\n\n\n\n<p>Pero el fallo hab\u00eda sido recurrido por ANSeS y la Corte Suprema en su sentencia apoy\u00f3 la postura de C\u00e1mara para \u201cresguardar el trato digno en las prisiones y para solucionar situaciones injustas que all\u00ed se planteen\u201d.<\/p>\n\n\n\n<p>La Corte Suprema asegur\u00f3 que \u201clos derechos de las ni\u00f1as y ni\u00f1os alojados con sus madres (en instituciones carcelarias) requieren su protecci\u00f3n integral&nbsp;para garantizarles el ejercicio y disfrute pleno de tales derechos\u201d.<\/p>\n\n\n\n<p>(Fuente: Minuto Uno)<\/p>\n","protected":false},"excerpt":{"rendered":"<p>Las mujeres que se encuentren detenidas tendr\u00e1n derecho a percibir las asignaciones familiares por hijo y por embarazo otorgadas por ANSeS, de acuerdo con lo que resolvi\u00f3 este martes la Corte Suprema. El fallo tuvo lugar a ra\u00edz del reclamo de internas del Centro de Detenci\u00f3n de Mujeres Unidad 31. El reclamo fue promovido por &hellip;<\/p>\n","protected":false},"author":2,"featured_media":1695,"comment_status":"open","ping_status":"open","sticky":false,"template":"","format":"standard","meta":{"_jetpack_memberships_contains_paid_content":false,"footnotes":"","jetpack_publicize_message":"","jetpack_publicize_feature_enabled":true,"jetpack_social_post_already_shared":true,"jetpack_social_options":{"image_generator_settings":{"template":"highway","default_image_id":0,"font":"","enabled":false},"version":2}},"categories":[3,12],"tags":[],"class_list":["post-1694","post","type-post","status-publish","format-standard","has-post-thumbnail","hentry","category-sociedad","category-ultimo"],"jetpack_publicize_connections":[],"jetpack_featured_media_url":"https:\/\/portalmovil.com.ar\/wp-content\/uploads\/2020\/02\/gesnte-presa.jpg","jetpack_sharing_enabled":true,"amp_enabled":true,"_links":{"self":[{"href":"https:\/\/portalmovil.com.ar\/index.php\/wp-json\/wp\/v2\/posts\/1694","targetHints":{"allow":["GET"]}}],"collection":[{"href":"https:\/\/portalmovil.com.ar\/index.php\/wp-json\/wp\/v2\/posts"}],"about":[{"href":"https:\/\/portalmovil.com.ar\/index.php\/wp-json\/wp\/v2\/types\/post"}],"author":[{"embeddable":true,"href":"https:\/\/portalmovil.com.ar\/index.php\/wp-json\/wp\/v2\/users\/2"}],"replies":[{"embeddable":true,"href":"https:\/\/portalmovil.com.ar\/index.php\/wp-json\/wp\/v2\/comments?post=1694"}],"version-history":[{"count":1,"href":"https:\/\/portalmovil.com.ar\/index.php\/wp-json\/wp\/v2\/posts\/1694\/revisions"}],"predecessor-version":[{"id":1696,"href":"https:\/\/portalmovil.com.ar\/index.php\/wp-json\/wp\/v2\/posts\/1694\/revisions\/1696"}],"wp:featuredmedia":[{"embeddable":true,"href":"https:\/\/portalmovil.com.ar\/index.php\/wp-json\/wp\/v2\/media\/1695"}],"wp:attachment":[{"href":"https:\/\/portalmovil.com.ar\/index.php\/wp-json\/wp\/v2\/media?parent=1694"}],"wp:term":[{"taxonomy":"category","embeddable":true,"href":"https:\/\/portalmovil.com.ar\/index.php\/wp-json\/wp\/v2\/categories?post=1694"},{"taxonomy":"post_tag","embeddable":true,"href":"https:\/\/portalmovil.com.ar\/index.php\/wp-json\/wp\/v2\/tags?post=1694"}],"curies":[{"name":"wp","href":"https:\/\/api.w.org\/{rel}","templated":true}]}}