{"id":16933,"date":"2020-12-14T16:44:25","date_gmt":"2020-12-14T19:44:25","guid":{"rendered":"https:\/\/portalmovil.com.ar\/?p=16933"},"modified":"2020-12-14T16:44:27","modified_gmt":"2020-12-14T19:44:27","slug":"la-fundacion-chaco-solidario-entrego-el-beneficio-n-1000","status":"publish","type":"post","link":"https:\/\/portalmovil.com.ar\/index.php\/2020\/12\/14\/la-fundacion-chaco-solidario-entrego-el-beneficio-n-1000\/","title":{"rendered":"La fundaci\u00f3n Chaco Solidario entreg\u00f3 el beneficio n\u00b0 1000"},"content":{"rendered":"\n<p>El gobernador Jorge Capitanich y la vicegobernadora encabezaron, este lunes en el Parque de la Democracia, la entrega del beneficio N\u00b01000 de la Fundaci\u00f3n Chaco Solidario, a un a\u00f1o de su relanzamiento. \u201cEl prop\u00f3sito de la Fundaci\u00f3n es ser un brazo de ayuda social del Estado para las personas que m\u00e1s lo necesitan, en el momento que lo requieran, dando una respuesta inmediata\u201d, indic\u00f3 el mandatario recordando la creaci\u00f3n de la entidad, en 2008.<\/p>\n\n\n\n<p>La entrega demand\u00f3 una inversi\u00f3n de $722.215 e incluy\u00f3 cocinas, hornos el\u00e9ctricos y pasteleros, bombas al vac\u00edo, lavarropas, balanzas, heladeras, m\u00e1quinas de coser, hidrolavadoras, compresor, taladros, aspiradoras, kits de alba\u00f1iler\u00eda y carpinter\u00eda, entre otras herramientas entregadas a un total de 30 beneficiarios con el fin de fomentar el desarrollo de sus emprendimientos. \u201cHay un Estado presente y activo que, tambi\u00e9n por medio de la fundaci\u00f3n, asiste y contiene\u201d, asegur\u00f3.<\/p>\n\n\n\n<p>Participaron tambi\u00e9n de la celebraci\u00f3n del beneficio N\u00b01000 entregado, el presidente de la Fundaci\u00f3n Chaco Solidario Hern\u00e1n Knesovich, el director financiero Juan Ignacio Costilla y la directora administrativa Carla Prette. Knesovich indic\u00f3 que a un a\u00f1o de su relanzamiento, la Fundaci\u00f3n recorri\u00f3 45 localidades chaque\u00f1as. \u201cUno de los objetivos planteados por el gobernador y el directorio fue el profundizar la federalizaci\u00f3n de la Fundaci\u00f3n. Llegar a cada chaque\u00f1a y chaque\u00f1o en cualquier rinc\u00f3n de la provincia\u201d, asegur\u00f3.<\/p>\n\n\n\n<p>Para ello se mejoraron los procesos administrativos y contables otorg\u00e1ndole mayor transparencia a la gesti\u00f3n, lo que permiti\u00f3 bajar los costos y quintuplicar los beneficios entregados el a\u00f1o pasado. \u201cLa Fundaci\u00f3n busca estar cerca del ciudadano y ciudadana brindando una respuesta inmediata a situaciones que as\u00ed lo requieren\u201d, remarc\u00f3 y destac\u00f3 la labor de las y los trabajadores que redoblaron esfuerzos para dar respuestas en un a\u00f1o tan dif\u00edcil.<\/p>\n","protected":false},"excerpt":{"rendered":"<p>El gobernador Jorge Capitanich y la vicegobernadora encabezaron, este lunes en el Parque de la Democracia, la entrega del beneficio N\u00b01000 de la Fundaci\u00f3n Chaco Solidario, a un a\u00f1o de su relanzamiento. \u201cEl prop\u00f3sito de la Fundaci\u00f3n es ser un brazo de ayuda social del Estado para las personas que m\u00e1s lo necesitan, en el &hellip;<\/p>\n","protected":false},"author":2,"featured_media":16934,"comment_status":"open","ping_status":"open","sticky":false,"template":"","format":"standard","meta":{"_jetpack_memberships_contains_paid_content":false,"footnotes":"","jetpack_publicize_message":"","jetpack_publicize_feature_enabled":true,"jetpack_social_post_already_shared":true,"jetpack_social_options":{"image_generator_settings":{"template":"highway","default_image_id":0,"font":"","enabled":false},"version":2}},"categories":[5,14],"tags":[],"class_list":["post-16933","post","type-post","status-publish","format-standard","has-post-thumbnail","hentry","category-chaco","category-politica"],"jetpack_publicize_connections":[],"jetpack_featured_media_url":"https:\/\/portalmovil.com.ar\/wp-content\/uploads\/2020\/12\/5fd77fba72943531055515.jpg","jetpack_sharing_enabled":true,"amp_enabled":true,"_links":{"self":[{"href":"https:\/\/portalmovil.com.ar\/index.php\/wp-json\/wp\/v2\/posts\/16933","targetHints":{"allow":["GET"]}}],"collection":[{"href":"https:\/\/portalmovil.com.ar\/index.php\/wp-json\/wp\/v2\/posts"}],"about":[{"href":"https:\/\/portalmovil.com.ar\/index.php\/wp-json\/wp\/v2\/types\/post"}],"author":[{"embeddable":true,"href":"https:\/\/portalmovil.com.ar\/index.php\/wp-json\/wp\/v2\/users\/2"}],"replies":[{"embeddable":true,"href":"https:\/\/portalmovil.com.ar\/index.php\/wp-json\/wp\/v2\/comments?post=16933"}],"version-history":[{"count":1,"href":"https:\/\/portalmovil.com.ar\/index.php\/wp-json\/wp\/v2\/posts\/16933\/revisions"}],"predecessor-version":[{"id":16935,"href":"https:\/\/portalmovil.com.ar\/index.php\/wp-json\/wp\/v2\/posts\/16933\/revisions\/16935"}],"wp:featuredmedia":[{"embeddable":true,"href":"https:\/\/portalmovil.com.ar\/index.php\/wp-json\/wp\/v2\/media\/16934"}],"wp:attachment":[{"href":"https:\/\/portalmovil.com.ar\/index.php\/wp-json\/wp\/v2\/media?parent=16933"}],"wp:term":[{"taxonomy":"category","embeddable":true,"href":"https:\/\/portalmovil.com.ar\/index.php\/wp-json\/wp\/v2\/categories?post=16933"},{"taxonomy":"post_tag","embeddable":true,"href":"https:\/\/portalmovil.com.ar\/index.php\/wp-json\/wp\/v2\/tags?post=16933"}],"curies":[{"name":"wp","href":"https:\/\/api.w.org\/{rel}","templated":true}]}}