{"id":16716,"date":"2020-12-10T15:29:56","date_gmt":"2020-12-10T18:29:56","guid":{"rendered":"https:\/\/portalmovil.com.ar\/?p=16716"},"modified":"2020-12-10T15:29:59","modified_gmt":"2020-12-10T18:29:59","slug":"batalla-entrego-una-placa-conmemorativa-a-la-escuela-crucero-general-belgrano-de-barranqueras","status":"publish","type":"post","link":"https:\/\/portalmovil.com.ar\/index.php\/2020\/12\/10\/batalla-entrego-una-placa-conmemorativa-a-la-escuela-crucero-general-belgrano-de-barranqueras\/","title":{"rendered":"Batalla entreg\u00f3 una placa conmemorativa a la escuela \u201cCrucero General Belgrano\u201d de Barranqueras"},"content":{"rendered":"\n<p>La diputada Carina Batalla, en el d\u00eda de la fecha salud\u00f3 y entreg\u00f3 una Placa conmemorativa a las autoridades, equipo de docentes y comunidad educativa de la Escuela Secundaria N\u00ba 123 \u201cCrucero General Belgrano\u201d por su aniversario.<\/p>\n\n\n\n<p>La legisladora al celebrarse el cumplea\u00f1os N\u00ba 10 a\u00f1os del establecimiento educativo, comparti\u00f3 con los directivos del lugar una Placa en el marco de este festejo institucional y por otro lado hace llegar la elaboraci\u00f3n del Proyecto de Resoluci\u00f3n N\u00ba 364\/2020 de su autor\u00eda, a trav\u00e9s del cual se solicita: \u201cdeclarar de inter\u00e9s provincial, legislativo y educativo, la celebraci\u00f3n del d\u00e9cimo aniversario de la Escuela, ubicada en el barrio 2 de abril de la ciudad de Barranqueras, a conmemorase el d\u00eda 07 de diciembre del corriente a\u00f1o\u201d.<\/p>\n\n\n\n<p>Por \u00faltimo Batalla salud\u00f3: \u201cal personal directivo, docentes, alumnos e integrantes de la comunidad educativa por este aniversario tan especial e instarlos a continuar trabajando en la formaci\u00f3n de cada adolescente como uno de los pilares fundamentales para su formaci\u00f3n de vida\u201d.<\/p>\n","protected":false},"excerpt":{"rendered":"<p>La diputada Carina Batalla, en el d\u00eda de la fecha salud\u00f3 y entreg\u00f3 una Placa conmemorativa a las autoridades, equipo de docentes y comunidad educativa de la Escuela Secundaria N\u00ba 123 \u201cCrucero General Belgrano\u201d por su aniversario. La legisladora al celebrarse el cumplea\u00f1os N\u00ba 10 a\u00f1os del establecimiento educativo, comparti\u00f3 con los directivos del lugar &hellip;<\/p>\n","protected":false},"author":2,"featured_media":16718,"comment_status":"open","ping_status":"open","sticky":false,"template":"","format":"standard","meta":{"_jetpack_memberships_contains_paid_content":false,"footnotes":"","jetpack_publicize_message":"","jetpack_publicize_feature_enabled":true,"jetpack_social_post_already_shared":true,"jetpack_social_options":{"image_generator_settings":{"template":"highway","default_image_id":0,"font":"","enabled":false},"version":2}},"categories":[28,5],"tags":[],"class_list":["post-16716","post","type-post","status-publish","format-standard","has-post-thumbnail","hentry","category-actualidad","category-chaco"],"jetpack_publicize_connections":[],"jetpack_featured_media_url":"https:\/\/portalmovil.com.ar\/wp-content\/uploads\/2020\/12\/944a1fcb-f47a-4c61-9eee-fe71491553f7.jpg","jetpack_sharing_enabled":true,"amp_enabled":true,"_links":{"self":[{"href":"https:\/\/portalmovil.com.ar\/index.php\/wp-json\/wp\/v2\/posts\/16716","targetHints":{"allow":["GET"]}}],"collection":[{"href":"https:\/\/portalmovil.com.ar\/index.php\/wp-json\/wp\/v2\/posts"}],"about":[{"href":"https:\/\/portalmovil.com.ar\/index.php\/wp-json\/wp\/v2\/types\/post"}],"author":[{"embeddable":true,"href":"https:\/\/portalmovil.com.ar\/index.php\/wp-json\/wp\/v2\/users\/2"}],"replies":[{"embeddable":true,"href":"https:\/\/portalmovil.com.ar\/index.php\/wp-json\/wp\/v2\/comments?post=16716"}],"version-history":[{"count":1,"href":"https:\/\/portalmovil.com.ar\/index.php\/wp-json\/wp\/v2\/posts\/16716\/revisions"}],"predecessor-version":[{"id":16719,"href":"https:\/\/portalmovil.com.ar\/index.php\/wp-json\/wp\/v2\/posts\/16716\/revisions\/16719"}],"wp:featuredmedia":[{"embeddable":true,"href":"https:\/\/portalmovil.com.ar\/index.php\/wp-json\/wp\/v2\/media\/16718"}],"wp:attachment":[{"href":"https:\/\/portalmovil.com.ar\/index.php\/wp-json\/wp\/v2\/media?parent=16716"}],"wp:term":[{"taxonomy":"category","embeddable":true,"href":"https:\/\/portalmovil.com.ar\/index.php\/wp-json\/wp\/v2\/categories?post=16716"},{"taxonomy":"post_tag","embeddable":true,"href":"https:\/\/portalmovil.com.ar\/index.php\/wp-json\/wp\/v2\/tags?post=16716"}],"curies":[{"name":"wp","href":"https:\/\/api.w.org\/{rel}","templated":true}]}}