{"id":16610,"date":"2020-12-08T14:21:55","date_gmt":"2020-12-08T17:21:55","guid":{"rendered":"https:\/\/portalmovil.com.ar\/?p=16610"},"modified":"2020-12-08T14:21:59","modified_gmt":"2020-12-08T17:21:59","slug":"capitanich-participo-de-la-celebracion-por-el-dia-de-la-inmaculada-concepcion-de-maria","status":"publish","type":"post","link":"https:\/\/portalmovil.com.ar\/index.php\/2020\/12\/08\/capitanich-participo-de-la-celebracion-por-el-dia-de-la-inmaculada-concepcion-de-maria\/","title":{"rendered":"Capitanich particip\u00f3 de la celebraci\u00f3n por el D\u00eda de la Inmaculada Concepci\u00f3n de Mar\u00eda"},"content":{"rendered":"\n<p>El gobernador Jorge Capitanich particip\u00f3 este martes de la celebraci\u00f3n por el d\u00eda de la Inmaculada Concepci\u00f3n de Mar\u00eda, en la Capilla Virgen de la Laguna, patrona del sudoeste chaque\u00f1o.<\/p>\n\n\n\n<p>La misa, realizada con pocos fieles para evitar la aglomeraci\u00f3n, fue oficiada por el padre Sergio Nossa, y cont\u00f3 con la participaci\u00f3n del intendente de Villa \u00c1ngela, Adalberto Papp.<\/p>\n\n\n\n<p>Capitanich destac\u00f3 que la celebraci\u00f3n de la virgen de la Laguna \u00abes un acontecimiento de amplio y profundo fervor popular, religioso y de devoci\u00f3n mariana\u00bb.<\/p>\n\n\n\n<p>\u00abSi bien no se pudo realizar una celebraci\u00f3n multitudinaria como ocurre cada 8 de diciembre, se tomaron todas las precauciones para estar presentes, como todos los a\u00f1os, manteniendo viva la fe y rezando por todo lo pueblo del Chaco\u00bb, asegur\u00f3 el gobernador.<\/p>\n","protected":false},"excerpt":{"rendered":"<p>El gobernador Jorge Capitanich particip\u00f3 este martes de la celebraci\u00f3n por el d\u00eda de la Inmaculada Concepci\u00f3n de Mar\u00eda, en la Capilla Virgen de la Laguna, patrona del sudoeste chaque\u00f1o. La misa, realizada con pocos fieles para evitar la aglomeraci\u00f3n, fue oficiada por el padre Sergio Nossa, y cont\u00f3 con la participaci\u00f3n del intendente de &hellip;<\/p>\n","protected":false},"author":2,"featured_media":16611,"comment_status":"open","ping_status":"open","sticky":false,"template":"","format":"standard","meta":{"_jetpack_memberships_contains_paid_content":false,"footnotes":"","jetpack_publicize_message":"","jetpack_publicize_feature_enabled":true,"jetpack_social_post_already_shared":true,"jetpack_social_options":{"image_generator_settings":{"template":"highway","default_image_id":0,"font":"","enabled":false},"version":2}},"categories":[5],"tags":[],"class_list":["post-16610","post","type-post","status-publish","format-standard","has-post-thumbnail","hentry","category-chaco"],"jetpack_publicize_connections":[],"jetpack_featured_media_url":"https:\/\/portalmovil.com.ar\/wp-content\/uploads\/2020\/12\/130247087_4062602343754593_2684968556573466661_n.jpg","jetpack_sharing_enabled":true,"amp_enabled":true,"_links":{"self":[{"href":"https:\/\/portalmovil.com.ar\/index.php\/wp-json\/wp\/v2\/posts\/16610","targetHints":{"allow":["GET"]}}],"collection":[{"href":"https:\/\/portalmovil.com.ar\/index.php\/wp-json\/wp\/v2\/posts"}],"about":[{"href":"https:\/\/portalmovil.com.ar\/index.php\/wp-json\/wp\/v2\/types\/post"}],"author":[{"embeddable":true,"href":"https:\/\/portalmovil.com.ar\/index.php\/wp-json\/wp\/v2\/users\/2"}],"replies":[{"embeddable":true,"href":"https:\/\/portalmovil.com.ar\/index.php\/wp-json\/wp\/v2\/comments?post=16610"}],"version-history":[{"count":1,"href":"https:\/\/portalmovil.com.ar\/index.php\/wp-json\/wp\/v2\/posts\/16610\/revisions"}],"predecessor-version":[{"id":16612,"href":"https:\/\/portalmovil.com.ar\/index.php\/wp-json\/wp\/v2\/posts\/16610\/revisions\/16612"}],"wp:featuredmedia":[{"embeddable":true,"href":"https:\/\/portalmovil.com.ar\/index.php\/wp-json\/wp\/v2\/media\/16611"}],"wp:attachment":[{"href":"https:\/\/portalmovil.com.ar\/index.php\/wp-json\/wp\/v2\/media?parent=16610"}],"wp:term":[{"taxonomy":"category","embeddable":true,"href":"https:\/\/portalmovil.com.ar\/index.php\/wp-json\/wp\/v2\/categories?post=16610"},{"taxonomy":"post_tag","embeddable":true,"href":"https:\/\/portalmovil.com.ar\/index.php\/wp-json\/wp\/v2\/tags?post=16610"}],"curies":[{"name":"wp","href":"https:\/\/api.w.org\/{rel}","templated":true}]}}