{"id":1661,"date":"2020-02-10T23:43:03","date_gmt":"2020-02-11T02:43:03","guid":{"rendered":"http:\/\/portalmovil.com.ar\/?p=1661"},"modified":"2020-02-10T23:43:10","modified_gmt":"2020-02-11T02:43:10","slug":"la-mision-del-fmi-en-la-argentina-extiende-su-estadia-para-acelerar-la-negociacion","status":"publish","type":"post","link":"https:\/\/portalmovil.com.ar\/index.php\/2020\/02\/10\/la-mision-del-fmi-en-la-argentina-extiende-su-estadia-para-acelerar-la-negociacion\/","title":{"rendered":"La misi\u00f3n del FMI en la Argentina extiende su estad\u00eda para acelerar la negociaci\u00f3n"},"content":{"rendered":"\n<p><strong>La misi\u00f3n del Fondo Monetario Internacional que arribar\u00e1 a Buenos Aires el mi\u00e9rcoles\u00a0decidi\u00f3 extender su estad\u00eda<\/strong> por una semana, hasta el 19, para acelerar las negociaciones con el Gobierno argentino.<\/p>\n\n\n\n<p>La delegaci\u00f3n del organismo multilateral de cr\u00e9ditos estar\u00e1 encabezada por&nbsp;<strong>Julie Kozack<\/strong>, directora adjunta del departamento del Hemisferio Occidental, y&nbsp;<strong>Luis Cubeddu<\/strong>, jefe de la misi\u00f3n para Argentina, confiaron fuentes del Fondo en di\u00e1logo con este medio.<\/p>\n\n\n\n<figure class=\"wp-block-image\"><img decoding=\"async\" src=\"https:\/\/viapais.com.ar\/files\/2020\/02\/20200204230719_41282499_0_body-768x432.jpg\" alt=\"Mart\u00edn Guzm\u00e1n y Kristalina Georgieva en Roma (Foto:FMI)\"\/><\/figure>\n\n\n\n<p><em>Mart\u00edn Guzm\u00e1n y Kristalina Georgieva en Roma (Foto:FMI)<\/em><\/p>\n\n\n\n<p>Al tope de la agenda estar\u00e1n las reuniones con el ministro de Econom\u00eda,\u00a0<strong>Mart\u00edn Guzm\u00e1n<\/strong>, el hombre encargado de negociar toda la deuda externa, tanto con el organismo como con los acreedores privados.<\/p>\n\n\n\n<p>Tambi\u00e9n los funcionarios internacionales se reunir\u00e1n con el presidente del Banco Central,&nbsp;<strong>Miguel \u00c1ngel Pesce<\/strong>, y el directorio de la entidad. Y prev\u00e9n conversaciones con otros organismos, entre los que podr\u00eda estar la Anses.<\/p>\n\n\n\n<figure class=\"wp-block-image\"><img decoding=\"async\" src=\"https:\/\/viapais.com.ar\/files\/2019\/11\/20191129211436_2972941_1_body-768x512.jpg\" alt=\"Miguel \u00c1ngel Pesce. (Foto: EFE)\"\/><\/figure>\n\n\n\n<p><em>Miguel \u00c1ngel Pesce. (Foto: EFE)<\/em><\/p>\n\n\n\n<p>Inicialmente, la misi\u00f3n del organismo iba a estar apenas 48 horas en Bueno Aires,\u00a0<strong>pero hubo un pedido expreso del Gobierno de\u00a0Alberto Fern\u00e1ndez\u00a0para que se extienda la estad\u00eda<\/strong>, con el objetivo de avanzar m\u00e1s acabadamente en las negociaciones.<\/p>\n\n\n\n<p>La Argentina firm\u00f3 en septiembre de 2018 un acuerdo de cr\u00e9dito con el organismo por&nbsp;<strong>56.300 millones de d\u00f3lares<\/strong>, de los cuales ya ingresaron 44.000 millones al pa\u00eds. Ahora, el Gobierno del Frente de Todos quiere renegociar.<\/p>\n\n\n\n<p>Seg\u00fan confiaron a este medio fuentes allegadas al di\u00e1logo entre el Gobierno y el Fondo, no est\u00e1 en el esp\u00edritu de la propuesta argentina pedir una quita del capital al organismo sino&nbsp;<strong>al menos dos a\u00f1os de gracia \u2013podr\u00edan ser tres- para comenzar a pagar y un cronograma \u201ccumplible\u201d que podr\u00eda estar en torno a los 3.000 millones de d\u00f3lares por a\u00f1o<\/strong>. No obstante, las fuentes aclararon que todo se definir\u00e1 reci\u00e9n a fines de mes en Washington.<\/p>\n\n\n\n<figure class=\"wp-block-image\"><img decoding=\"async\" src=\"https:\/\/viapais.com.ar\/files\/2020\/02\/20200205183404_41290398_0_body-768x512.jpg\" alt=\"Alberto Fernandez. (AP Photo\/Thibault Camus)\"\/><\/figure>\n\n\n\n<p><em>Alberto Fernandez. (AP Photo\/Thibault Camus)<\/em><\/p>\n\n\n\n<p>El presidente&nbsp;<strong>Alberto Fern\u00e1ndez asegur\u00f3 este lunes que no hay \u201cninguna\u201d posibilidad de que Argentina cumpla con el pago de la deuda al FMI en los vencimientos establecidos<\/strong>&nbsp;por el gobierno anterior y evalu\u00f3 que, de hacerlo, se estar\u00eda \u201csumiendo a la econom\u00eda en una postraci\u00f3n absoluta\u201d.<\/p>\n\n\n\n<p>\u201cQuisi\u00e9ramos destinar el dinero que est\u00e1 pensado al pago de la deuda a la reactivaci\u00f3n de la econom\u00eda, a sacar a la gente de la situaci\u00f3n de crisis en la que est\u00e1; por lo tanto si nosotros pagamos, aunque creo que igual no nos va a alcanzar,&nbsp;<strong>estar\u00edamos sumiendo a la econom\u00eda argentina en una postraci\u00f3n absoluta<\/strong>\u201d, expres\u00f3.<\/p>\n\n\n\n<p>El Presidente concedi\u00f3 hoy una extensa entrevista a&nbsp;<em>radio Continental<\/em>, en la que advirti\u00f3 adem\u00e1s que \u201cno es la regla\u201d adoptar una decisi\u00f3n como la tomada la semana pasada por la provincia de Buenos Aires, que le pag\u00f3 a sus propios acreedores.<\/p>\n\n\n\n<figure class=\"wp-block-image\"><img decoding=\"async\" src=\"https:\/\/viapais.com.ar\/files\/2019\/11\/20191125191151_40352523_0_body-768x432.jpg\" alt=\"Luis Cubeddu, jefe de la misi\u00f3n para Argentina. (web)\"\/><\/figure>\n\n\n\n<p><em>Luis Cubeddu, jefe de la misi\u00f3n para Argentina. (web)<\/em><\/p>\n\n\n\n<p>\u201c<strong>Lo que ha pasado en la provincia de Buenos Aires no es la regla; eso s\u00f3lo fue una excepci\u00f3n, un tema coyuntural<\/strong>; hubo que tomar esa decisi\u00f3n, no porque creamos que hay que pagar la deuda, sino porque cre\u00edamos que empezando la discusi\u00f3n no era bueno incumplir; la verdad es que objetivamente no podemos cumplir\u201d, subray\u00f3 Fern\u00e1ndez.<\/p>\n\n\n\n<p>Consultado sobre si un buen resultado en la negociaci\u00f3n con el FMI podr\u00eda allanar el camino para discutir luego con los bonistas,&nbsp;<strong>Fern\u00e1ndez grafic\u00f3: \u201cSon dos caminos que se necesitan; no s\u00e9 si se cruzan, pero s\u00ed se necesitan\u201d<\/strong>.<\/p>\n\n\n\n<p>Concedi\u00f3, sin embargo, que \u201clos bonistas est\u00e1n muy a la expectativa de lo que el Fondo dice\u201d y entendi\u00f3 que&nbsp;<strong>las tratativas con el FMI pueden convertirse en \u201cuna suerte de habilitador de una discusi\u00f3n distinta\u201d<\/strong>.<\/p>\n\n\n\n<hr class=\"wp-block-separator\"\/>\n\n\n\n<p><a href=\"https:\/\/viapais.com.ar\/argentina\/1577913-la-mision-del-fmi-en-la-argentina-extendio-su-estadia-para-acelerar-la-negociacion\/#comentarios\"><\/a><br><\/p>\n","protected":false},"excerpt":{"rendered":"<p>La misi\u00f3n del Fondo Monetario Internacional que arribar\u00e1 a Buenos Aires el mi\u00e9rcoles\u00a0decidi\u00f3 extender su estad\u00eda por una semana, hasta el 19, para acelerar las negociaciones con el Gobierno argentino. La delegaci\u00f3n del organismo multilateral de cr\u00e9ditos estar\u00e1 encabezada por&nbsp;Julie Kozack, directora adjunta del departamento del Hemisferio Occidental, y&nbsp;Luis Cubeddu, jefe de la misi\u00f3n para &hellip;<\/p>\n","protected":false},"author":2,"featured_media":1662,"comment_status":"open","ping_status":"open","sticky":false,"template":"","format":"standard","meta":{"_jetpack_memberships_contains_paid_content":false,"footnotes":"","jetpack_publicize_message":"","jetpack_publicize_feature_enabled":true,"jetpack_social_post_already_shared":true,"jetpack_social_options":{"image_generator_settings":{"template":"highway","default_image_id":0,"font":"","enabled":false},"version":2}},"categories":[175,14,12],"tags":[],"class_list":["post-1661","post","type-post","status-publish","format-standard","has-post-thumbnail","hentry","category-economia","category-politica","category-ultimo"],"jetpack_publicize_connections":[],"jetpack_featured_media_url":"https:\/\/portalmovil.com.ar\/wp-content\/uploads\/2020\/02\/5e2d8b9ae25bbMARTINGUZMAN3.jpg","jetpack_sharing_enabled":true,"amp_enabled":true,"_links":{"self":[{"href":"https:\/\/portalmovil.com.ar\/index.php\/wp-json\/wp\/v2\/posts\/1661","targetHints":{"allow":["GET"]}}],"collection":[{"href":"https:\/\/portalmovil.com.ar\/index.php\/wp-json\/wp\/v2\/posts"}],"about":[{"href":"https:\/\/portalmovil.com.ar\/index.php\/wp-json\/wp\/v2\/types\/post"}],"author":[{"embeddable":true,"href":"https:\/\/portalmovil.com.ar\/index.php\/wp-json\/wp\/v2\/users\/2"}],"replies":[{"embeddable":true,"href":"https:\/\/portalmovil.com.ar\/index.php\/wp-json\/wp\/v2\/comments?post=1661"}],"version-history":[{"count":1,"href":"https:\/\/portalmovil.com.ar\/index.php\/wp-json\/wp\/v2\/posts\/1661\/revisions"}],"predecessor-version":[{"id":1663,"href":"https:\/\/portalmovil.com.ar\/index.php\/wp-json\/wp\/v2\/posts\/1661\/revisions\/1663"}],"wp:featuredmedia":[{"embeddable":true,"href":"https:\/\/portalmovil.com.ar\/index.php\/wp-json\/wp\/v2\/media\/1662"}],"wp:attachment":[{"href":"https:\/\/portalmovil.com.ar\/index.php\/wp-json\/wp\/v2\/media?parent=1661"}],"wp:term":[{"taxonomy":"category","embeddable":true,"href":"https:\/\/portalmovil.com.ar\/index.php\/wp-json\/wp\/v2\/categories?post=1661"},{"taxonomy":"post_tag","embeddable":true,"href":"https:\/\/portalmovil.com.ar\/index.php\/wp-json\/wp\/v2\/tags?post=1661"}],"curies":[{"name":"wp","href":"https:\/\/api.w.org\/{rel}","templated":true}]}}