{"id":16457,"date":"2020-12-04T17:15:59","date_gmt":"2020-12-04T20:15:59","guid":{"rendered":"https:\/\/portalmovil.com.ar\/?p=16457"},"modified":"2020-12-04T17:16:02","modified_gmt":"2020-12-04T20:16:02","slug":"arroyo-resalto-la-ayuda-estatal-para-enfrentar-la-pobreza","status":"publish","type":"post","link":"https:\/\/portalmovil.com.ar\/index.php\/2020\/12\/04\/arroyo-resalto-la-ayuda-estatal-para-enfrentar-la-pobreza\/","title":{"rendered":"Arroyo resalt\u00f3 la ayuda estatal para enfrentar la pobreza"},"content":{"rendered":"\n<p>El ministro de Desarrollo Social, Daniel Arroyo, destac\u00f3 \u201cla gran cobertura del Estado para amortiguar\u201d la situaci\u00f3n de pobreza en el pa\u00eds, en medio de la pandemia de coronavirus, y afirm\u00f3 que, \u201cde a poco, se ve una disminuci\u00f3n de la gente que asiste a los comedores\u201d.<\/p>\n\n\n\n<p>En declaraciones a <strong><em>Radio 10<\/em><\/strong>, Arroyo se refiri\u00f3 al\u00a0informe del Observatorio Social de la Universidad Cat\u00f3lica Argentina (UCA), que inform\u00f3 el jueves que el 34,9% de los hogares y el 44,2% de las personas se encuentran por debajo de la l\u00ednea de la pobreza al cierre del tercer trimestre del a\u00f1o, por encima del 32,1% y 40,8% registrado en igual per\u00edodo de 2019.<\/p>\n\n\n\n<p>Seg\u00fan el informe, los n\u00fameros hubiesen sido mayores si el Estado no implementaba medidas de ayudas para enfrentar la situaci\u00f3n, en el marco de la pandemia.<\/p>\n\n\n\n<p>\u201cHay una gran cobertura del Estado. El propio informe de la UCA marca que, si no hubiera estado el IFE y la ayuda alimentaria, la situaci\u00f3n ser\u00eda m\u00e1s cr\u00edtica\u201d, subray\u00f3 el funcionario.<\/p>\n\n\n\n<p>Al enumerar la ayuda estatal, Arroyo rese\u00f1\u00f3 que \u201cse puso en marcha el plan Potenciar Trabajo, con el cual estamos llegando a 700.000 personas\u00bb y destac\u00f3 que \u00abel Estado ha amortiguado la ca\u00edda social: tenemos 11 millones de personas con asistencia alimentaria y llegamos con el IFE a 9 millones de personas\u201d.<\/p>\n\n\n\n<p>Asimismo, record\u00f3 que \u201cel pr\u00f3ximo 18 de diciembre habr\u00e1 una carga doble en la tarjeta alimentaria y vamos a dar un bono para los beneficiarios del plan Potenciar Trabajo\u201d.<\/p>\n\n\n\n<p>Arroyo coment\u00f3, asimismo, que \u201cen las \u00faltimas cuatro semanas hay menos gente en los comedores, porque hay un poco m\u00e1s de changa en los rubros textil y construcci\u00f3n\u201d.<\/p>\n\n\n\n<p>Ante una consulta, el ministro se mostr\u00f3 partidario de que la Argentina establezca \u201cun ingreso universal ciudadano\u201d y consider\u00f3: \u201cEsto es un debate que se da en toda Am\u00e9rica Latina, pero hoy no hay condiciones fiscales para hacerlo, pero sin dudas ese es el camino\u201d.<\/p>\n\n\n\n<p>Por \u00faltimo, el ministro aclar\u00f3 que \u201cla idea es que el Estado tenga una contraprestaci\u00f3n por todas estas transferencias de dinero, como por ejemplo en el plan Potenciar Trabajo, donde las personas tienen que trabajar un m\u00ednimo de cuatro horas por d\u00eda\u201d.<\/p>\n","protected":false},"excerpt":{"rendered":"<p>El ministro de Desarrollo Social, Daniel Arroyo, destac\u00f3 \u201cla gran cobertura del Estado para amortiguar\u201d la situaci\u00f3n de pobreza en el pa\u00eds, en medio de la pandemia de coronavirus, y afirm\u00f3 que, \u201cde a poco, se ve una disminuci\u00f3n de la gente que asiste a los comedores\u201d. En declaraciones a Radio 10, Arroyo se refiri\u00f3 &hellip;<\/p>\n","protected":false},"author":2,"featured_media":9189,"comment_status":"open","ping_status":"open","sticky":false,"template":"","format":"standard","meta":{"_jetpack_memberships_contains_paid_content":false,"footnotes":"","jetpack_publicize_message":"","jetpack_publicize_feature_enabled":true,"jetpack_social_post_already_shared":true,"jetpack_social_options":{"image_generator_settings":{"template":"highway","default_image_id":0,"font":"","enabled":false},"version":2}},"categories":[175],"tags":[],"class_list":["post-16457","post","type-post","status-publish","format-standard","has-post-thumbnail","hentry","category-economia"],"jetpack_publicize_connections":[],"jetpack_featured_media_url":"https:\/\/portalmovil.com.ar\/wp-content\/uploads\/2020\/07\/ARCHI_674334.jpg","jetpack_sharing_enabled":true,"amp_enabled":true,"_links":{"self":[{"href":"https:\/\/portalmovil.com.ar\/index.php\/wp-json\/wp\/v2\/posts\/16457","targetHints":{"allow":["GET"]}}],"collection":[{"href":"https:\/\/portalmovil.com.ar\/index.php\/wp-json\/wp\/v2\/posts"}],"about":[{"href":"https:\/\/portalmovil.com.ar\/index.php\/wp-json\/wp\/v2\/types\/post"}],"author":[{"embeddable":true,"href":"https:\/\/portalmovil.com.ar\/index.php\/wp-json\/wp\/v2\/users\/2"}],"replies":[{"embeddable":true,"href":"https:\/\/portalmovil.com.ar\/index.php\/wp-json\/wp\/v2\/comments?post=16457"}],"version-history":[{"count":1,"href":"https:\/\/portalmovil.com.ar\/index.php\/wp-json\/wp\/v2\/posts\/16457\/revisions"}],"predecessor-version":[{"id":16458,"href":"https:\/\/portalmovil.com.ar\/index.php\/wp-json\/wp\/v2\/posts\/16457\/revisions\/16458"}],"wp:featuredmedia":[{"embeddable":true,"href":"https:\/\/portalmovil.com.ar\/index.php\/wp-json\/wp\/v2\/media\/9189"}],"wp:attachment":[{"href":"https:\/\/portalmovil.com.ar\/index.php\/wp-json\/wp\/v2\/media?parent=16457"}],"wp:term":[{"taxonomy":"category","embeddable":true,"href":"https:\/\/portalmovil.com.ar\/index.php\/wp-json\/wp\/v2\/categories?post=16457"},{"taxonomy":"post_tag","embeddable":true,"href":"https:\/\/portalmovil.com.ar\/index.php\/wp-json\/wp\/v2\/tags?post=16457"}],"curies":[{"name":"wp","href":"https:\/\/api.w.org\/{rel}","templated":true}]}}