{"id":16397,"date":"2020-12-03T15:09:12","date_gmt":"2020-12-03T18:09:12","guid":{"rendered":"https:\/\/portalmovil.com.ar\/?p=16397"},"modified":"2020-12-03T15:09:14","modified_gmt":"2020-12-03T18:09:14","slug":"gines-la-vacuna-contra-el-coronavirus-podria-ser-obligatoria","status":"publish","type":"post","link":"https:\/\/portalmovil.com.ar\/index.php\/2020\/12\/03\/gines-la-vacuna-contra-el-coronavirus-podria-ser-obligatoria\/","title":{"rendered":"Gin\u00e9s: \u00abLa vacuna contra el coronavirus podr\u00eda ser obligatoria\u00bb"},"content":{"rendered":"\n<p>El ministro de Salud, Gin\u00e9s Gonz\u00e1lez Garc\u00eda, asegur\u00f3 que, si contin\u00faa la pandemia, es \u00abmuy probablemente\u00bb que la vacuna contra el coronavirus se incorpore al calendario obligatorio en Argentina.<\/p>\n\n\n\n<p>Gonz\u00e1lez Garc\u00eda explic\u00f3 al respecto que \u00ablas vacunas son obligatorias s\u00ed est\u00e1n incluidas en el Calendario Nacional. Esta vacuna, como es la primera, nunca se us\u00f3 y va a tener una autorizaci\u00f3n transitoria y de emergencia, no va a ir al calendario de vacunaci\u00f3n, con lo cual es absolutamente legal que no sea obligatoria\u00bb.<\/p>\n\n\n\n<p>El ministro de Salud expres\u00f3 que \u00abla intenci\u00f3n es no hacer un combate de esto y poder centrarse en c\u00f3mo se logra una dificultad tan seria como es vacunar a tanta gente\u00bb contra el coronavirus en el pa\u00eds.<\/p>\n\n\n\n<p>\u00abLa prioridad hoy es saber c\u00f3mo nos vamos a proteger, c\u00f3mo vamos a transitar este per\u00edodo de la pandemia, que es distinto, con otro optimismo, y \u00e9sa es la raz\u00f3n por la que no se va a obligar a nadie, adem\u00e1s de las razones cient\u00edficas por supuesto\u00bb, agreg\u00f3 Gin\u00e9s Gonz\u00e1lez Garc\u00eda a\u00a0<strong><em>Infobae<\/em>.<\/strong><\/p>\n\n\n\n<p>De todos modos, el ministro de Salud remarc\u00f3:&nbsp;\u00abEn el a\u00f1o 2022, si esto contin\u00faa, muy probablemente la vacuna pueda incorporarse obligatoriamente\u00bb.<\/p>\n\n\n\n<p>Finalmente, sostuvo que esa posibilidad \u00abtendr\u00e1 que ver con los resultados que tuvo\u00bb la vacunaci\u00f3n en la poblaci\u00f3n y a\u00f1adi\u00f3 que \u00abcuando una vacuna es obligatoria tiene que ver, entre otras cosas, con que el Estado las paga; en este caso, el Estado la va a pagar, pero no va a ser obligatoria\u00bb.<\/p>\n","protected":false},"excerpt":{"rendered":"<p>El ministro de Salud, Gin\u00e9s Gonz\u00e1lez Garc\u00eda, asegur\u00f3 que, si contin\u00faa la pandemia, es \u00abmuy probablemente\u00bb que la vacuna contra el coronavirus se incorpore al calendario obligatorio en Argentina. Gonz\u00e1lez Garc\u00eda explic\u00f3 al respecto que \u00ablas vacunas son obligatorias s\u00ed est\u00e1n incluidas en el Calendario Nacional. Esta vacuna, como es la primera, nunca se us\u00f3 &hellip;<\/p>\n","protected":false},"author":2,"featured_media":6962,"comment_status":"open","ping_status":"open","sticky":false,"template":"","format":"standard","meta":{"_jetpack_memberships_contains_paid_content":false,"footnotes":"","jetpack_publicize_message":"","jetpack_publicize_feature_enabled":true,"jetpack_social_post_already_shared":true,"jetpack_social_options":{"image_generator_settings":{"template":"highway","default_image_id":0,"font":"","enabled":false},"version":2}},"categories":[34,46],"tags":[],"class_list":["post-16397","post","type-post","status-publish","format-standard","has-post-thumbnail","hentry","category-nacional","category-salud"],"jetpack_publicize_connections":[],"jetpack_featured_media_url":"https:\/\/portalmovil.com.ar\/wp-content\/uploads\/2020\/05\/entrevista-del-ministro-gines-gonzalez-garcia-con-jorge-fontevecchia-en-el-ciclo-periodismo-puro-961476.jpg","jetpack_sharing_enabled":true,"amp_enabled":true,"_links":{"self":[{"href":"https:\/\/portalmovil.com.ar\/index.php\/wp-json\/wp\/v2\/posts\/16397","targetHints":{"allow":["GET"]}}],"collection":[{"href":"https:\/\/portalmovil.com.ar\/index.php\/wp-json\/wp\/v2\/posts"}],"about":[{"href":"https:\/\/portalmovil.com.ar\/index.php\/wp-json\/wp\/v2\/types\/post"}],"author":[{"embeddable":true,"href":"https:\/\/portalmovil.com.ar\/index.php\/wp-json\/wp\/v2\/users\/2"}],"replies":[{"embeddable":true,"href":"https:\/\/portalmovil.com.ar\/index.php\/wp-json\/wp\/v2\/comments?post=16397"}],"version-history":[{"count":1,"href":"https:\/\/portalmovil.com.ar\/index.php\/wp-json\/wp\/v2\/posts\/16397\/revisions"}],"predecessor-version":[{"id":16398,"href":"https:\/\/portalmovil.com.ar\/index.php\/wp-json\/wp\/v2\/posts\/16397\/revisions\/16398"}],"wp:featuredmedia":[{"embeddable":true,"href":"https:\/\/portalmovil.com.ar\/index.php\/wp-json\/wp\/v2\/media\/6962"}],"wp:attachment":[{"href":"https:\/\/portalmovil.com.ar\/index.php\/wp-json\/wp\/v2\/media?parent=16397"}],"wp:term":[{"taxonomy":"category","embeddable":true,"href":"https:\/\/portalmovil.com.ar\/index.php\/wp-json\/wp\/v2\/categories?post=16397"},{"taxonomy":"post_tag","embeddable":true,"href":"https:\/\/portalmovil.com.ar\/index.php\/wp-json\/wp\/v2\/tags?post=16397"}],"curies":[{"name":"wp","href":"https:\/\/api.w.org\/{rel}","templated":true}]}}