{"id":16305,"date":"2020-12-01T21:41:24","date_gmt":"2020-12-02T00:41:24","guid":{"rendered":"https:\/\/portalmovil.com.ar\/?p=16305"},"modified":"2020-12-01T21:41:27","modified_gmt":"2020-12-02T00:41:27","slug":"la-justicia-prohibio-difundir-las-imagenes-del-cuerpo-de-diego-maradona","status":"publish","type":"post","link":"https:\/\/portalmovil.com.ar\/index.php\/2020\/12\/01\/la-justicia-prohibio-difundir-las-imagenes-del-cuerpo-de-diego-maradona\/","title":{"rendered":"La Justicia prohibi\u00f3 difundir las im\u00e1genes del cuerpo de Diego Maradona"},"content":{"rendered":"\n<p>La Justicia orden\u00f3 que los medios de comunicaci\u00f3n se abstengan de \u00abexhibir, divulgar y\/o difundir\u00bb las fotos del cuerpo de Diego Armando Maradona que se viralizaron en redes sociales, a ra\u00edz de una solicitud realizada por el abogado Fernando Burlando en representaci\u00f3n de las hijas del \u00ab10\u00bb Dalma, Gianinna y Jana.<\/p>\n\n\n\n<p>La medida cautelar del Juzgado Civil Nacional 54 alcanza a los medios \u00abtelevisivos, digitales y\/o gr\u00e1ficos\u00bb, y se notific\u00f3 de la resoluci\u00f3n al Ente Nacional de Comunicaciones (Enacom), Facebook Argentina SRL y Google Argentina.<\/p>\n\n\n\n<p>En su fallo de 5 p\u00e1ginas, al que accedi\u00f3 T\u00e9lam, el juzgado resolvi\u00f3 que en este caso \u00abpuede observarse a simple vista una ofensa a otras personas cercanas a Maradona\u00bb y que \u00absu dignidad, intimidad y su memoria proyectan una prolongaci\u00f3n de personalidad que merece ser protegida en el recuerdo de sus allegados\u00bb.<\/p>\n\n\n\n<p>Por su parte, Burlando hab\u00eda solicitado en su presentaci\u00f3n de 15 p\u00e1ginas, a la que tambi\u00e9n accedi\u00f3 T\u00e9lam, \u00abque se ordene medida precautoria autosatisfactiva y de extremis urgencia ante la inminente difusi\u00f3n en los medios televisivos, gr\u00e1ficos y plataformas digitales de unas fotograf\u00edas e im\u00e1genes del cuerpo sin vida de (\u2026) Maradona, que invaden agreden la imagen de su persona y violentan la intimidad de manera salvaje y desalmada que fueron obtenidas contrariando la expresa voluntad de sus seres queridos\u00bb.<\/p>\n\n\n\n<p>\u00ab(\u2026) ocurrimos por esta v\u00eda a fin de evitar la difusi\u00f3n en los medios masivos de comunicaci\u00f3n de las im\u00e1genes que se est\u00e1n viralizando por redes e impedir que se publiquen en medios masivos de comunicaci\u00f3n televisivos y\/o gr\u00e1ficos, y se proh\u00edba su exhibici\u00f3n en todo programa de televisi\u00f3n o digital, medios gr\u00e1ficos, o cualquier otro medio de difusi\u00f3n masiva de estas im\u00e1genes de su cuerpo sin vida\u00bb, continu\u00f3.<\/p>\n\n\n\n<p>En la presentaci\u00f3n, a\u00f1adi\u00f3 que \u00aben atenci\u00f3n a que el agresor pudo haber confeccionado m\u00e1s im\u00e1genes del mismo tenor, es que solicito que la medida se dicte en forma amplia y comprensiva de toda aquella imagen que contenga rasgos a\u00fan parciales de su cuerpo sin vida, y, toda vez que los medios y\/o plataformas pueden desconocer el car\u00e1cter no autorizado, es que solicito se consigne toda imagen de este contenido que no haya sido autorizada por las dicentes y los restantes hermanos\u00bb.<\/p>\n\n\n\n<p>El escrito se bas\u00f3, entre otros argumentos, en los derechos a \u00abla imagen\u00bb, \u00abla intimidad\u00bb y \u00abel honor\u00bb, contemplados en el C\u00f3digo Civil y Comercial.<\/p>\n\n\n\n<p>\u00abLa afecci\u00f3n a lo m\u00e1s profundo de nuestro ser que genera esas infames im\u00e1genes merece la protecci\u00f3n de la justicia. No es s\u00f3lo afecci\u00f3n al honor, a la privacidad o intimidad, es dolor, profundo, una daga en el coraz\u00f3n de las dicentes que incrementa injustamente el dolor de la p\u00e9rdida\u00bb, sostuvo.<\/p>\n\n\n\n<p>Y aclar\u00f3 que \u00abno est\u00e1 en juego la libertad de prensa sino el da\u00f1o liso y llano que podr\u00eda perpetrarse por la difusi\u00f3n de im\u00e1genes de nuestro padre sin vida no autorizadas y que agravian la paz espiritual de sus hijos\u00bb.<\/p>\n\n\n\n<p>La viralizaci\u00f3n de las dos im\u00e1genes se produjo el jueves pasado, a menos de 24 horas del fallecimiento de Maradona, y en una de ellas se observa a Diego Antonio Molina junto al cuerpo del \u00ab10\u00bb, mientras que en la otra fotograf\u00eda aparecen Claudio Fern\u00e1ndez con su hijo, posando junto al caj\u00f3n.<\/p>\n\n\n\n<p>La difusi\u00f3n motiv\u00f3 la actuaci\u00f3n de oficio del fiscal penal contravencional y de faltas 25 Roberto Maragliano, quien el viernes pasado dispuso allanar de forma simult\u00e1nea la vivienda de Fern\u00e1ndez, la casa de sepelios Pinier, ubicada en avenida San Mart\u00edn al 2.900 y la casa velatoria Tres Arroyos, en la calle hom\u00f3nima al 1.500.<\/p>\n\n\n\n<p>En tanto, al otro d\u00eda el empleado de la casa velatoria Molina se present\u00f3 junto con un abogado en la Comisar\u00eda Vecinal 15A de la Polic\u00eda de la Ciudad, en el barrio porte\u00f1o de Chacarita.<\/p>\n\n\n\n<p>El fiscal investiga la presunta profanaci\u00f3n de un cad\u00e1ver y la violaci\u00f3n de derechos personal\u00edsimos, ambos delitos contravencionales, por lo que los tres involucrados no quedaron detenidos.<\/p>\n\n\n\n<p>FUENTE INFORMATIVA:<strong><em> T\u00c9LAM<\/em><\/strong><\/p>\n","protected":false},"excerpt":{"rendered":"<p>La Justicia orden\u00f3 que los medios de comunicaci\u00f3n se abstengan de \u00abexhibir, divulgar y\/o difundir\u00bb las fotos del cuerpo de Diego Armando Maradona que se viralizaron en redes sociales, a ra\u00edz de una solicitud realizada por el abogado Fernando Burlando en representaci\u00f3n de las hijas del \u00ab10\u00bb Dalma, Gianinna y Jana. La medida cautelar del &hellip;<\/p>\n","protected":false},"author":2,"featured_media":16306,"comment_status":"open","ping_status":"open","sticky":false,"template":"","format":"standard","meta":{"_jetpack_memberships_contains_paid_content":false,"footnotes":"","jetpack_publicize_message":"","jetpack_publicize_feature_enabled":true,"jetpack_social_post_already_shared":true,"jetpack_social_options":{"image_generator_settings":{"template":"highway","default_image_id":0,"font":"","enabled":false},"version":2}},"categories":[28],"tags":[],"class_list":["post-16305","post","type-post","status-publish","format-standard","has-post-thumbnail","hentry","category-actualidad"],"jetpack_publicize_connections":[],"jetpack_featured_media_url":"https:\/\/portalmovil.com.ar\/wp-content\/uploads\/2020\/12\/tmb1_medida-ordenan-medios-no-difundir-imagenes-cuerpo-maradona-se-viralizaron-871158-200916.jpg","jetpack_sharing_enabled":true,"amp_enabled":true,"_links":{"self":[{"href":"https:\/\/portalmovil.com.ar\/index.php\/wp-json\/wp\/v2\/posts\/16305","targetHints":{"allow":["GET"]}}],"collection":[{"href":"https:\/\/portalmovil.com.ar\/index.php\/wp-json\/wp\/v2\/posts"}],"about":[{"href":"https:\/\/portalmovil.com.ar\/index.php\/wp-json\/wp\/v2\/types\/post"}],"author":[{"embeddable":true,"href":"https:\/\/portalmovil.com.ar\/index.php\/wp-json\/wp\/v2\/users\/2"}],"replies":[{"embeddable":true,"href":"https:\/\/portalmovil.com.ar\/index.php\/wp-json\/wp\/v2\/comments?post=16305"}],"version-history":[{"count":1,"href":"https:\/\/portalmovil.com.ar\/index.php\/wp-json\/wp\/v2\/posts\/16305\/revisions"}],"predecessor-version":[{"id":16307,"href":"https:\/\/portalmovil.com.ar\/index.php\/wp-json\/wp\/v2\/posts\/16305\/revisions\/16307"}],"wp:featuredmedia":[{"embeddable":true,"href":"https:\/\/portalmovil.com.ar\/index.php\/wp-json\/wp\/v2\/media\/16306"}],"wp:attachment":[{"href":"https:\/\/portalmovil.com.ar\/index.php\/wp-json\/wp\/v2\/media?parent=16305"}],"wp:term":[{"taxonomy":"category","embeddable":true,"href":"https:\/\/portalmovil.com.ar\/index.php\/wp-json\/wp\/v2\/categories?post=16305"},{"taxonomy":"post_tag","embeddable":true,"href":"https:\/\/portalmovil.com.ar\/index.php\/wp-json\/wp\/v2\/tags?post=16305"}],"curies":[{"name":"wp","href":"https:\/\/api.w.org\/{rel}","templated":true}]}}