{"id":16263,"date":"2020-12-01T09:47:01","date_gmt":"2020-12-01T12:47:01","guid":{"rendered":"https:\/\/portalmovil.com.ar\/?p=16263"},"modified":"2020-12-01T09:47:04","modified_gmt":"2020-12-01T12:47:04","slug":"fernandez-presentara-inversiones-automotrices-y-la-plataforma-digital-modo","status":"publish","type":"post","link":"https:\/\/portalmovil.com.ar\/index.php\/2020\/12\/01\/fernandez-presentara-inversiones-automotrices-y-la-plataforma-digital-modo\/","title":{"rendered":"Fern\u00e1ndez presentar\u00e1 inversiones automotrices y la plataforma digital MODO"},"content":{"rendered":"\n<p>El presidente Alberto Fern\u00e1ndez encabezar\u00e1 este martes el anuncio de inversiones de la empresa Ford Argentina y presentar\u00e1 la plataforma digital MODO.<\/p>\n\n\n\n<p>A las 11.30, Fern\u00e1ndez anunciar\u00e1 desde la Residencia Presidencial de Olivos las inversiones de esa firma automotriz, instalada en el pa\u00eds desde 1913, inform\u00f3 la Casa Rosada.<\/p>\n\n\n\n<p>Por la tarde, desde las 18, participar\u00e1 de la presentaci\u00f3n de la plataforma digital MODO,\u00a0un proyecto p\u00fablico-privado de los principales bancos del pa\u00eds para simplificar pagos y transferencias.<\/p>\n","protected":false},"excerpt":{"rendered":"<p>El presidente Alberto Fern\u00e1ndez encabezar\u00e1 este martes el anuncio de inversiones de la empresa Ford Argentina y presentar\u00e1 la plataforma digital MODO. A las 11.30, Fern\u00e1ndez anunciar\u00e1 desde la Residencia Presidencial de Olivos las inversiones de esa firma automotriz, instalada en el pa\u00eds desde 1913, inform\u00f3 la Casa Rosada. Por la tarde, desde las 18, &hellip;<\/p>\n","protected":false},"author":2,"featured_media":13590,"comment_status":"open","ping_status":"open","sticky":false,"template":"","format":"standard","meta":{"_jetpack_memberships_contains_paid_content":false,"footnotes":"","jetpack_publicize_message":"","jetpack_publicize_feature_enabled":true,"jetpack_social_post_already_shared":true,"jetpack_social_options":{"image_generator_settings":{"template":"highway","default_image_id":0,"font":"","enabled":false},"version":2}},"categories":[34,14],"tags":[],"class_list":["post-16263","post","type-post","status-publish","format-standard","has-post-thumbnail","hentry","category-nacional","category-politica"],"jetpack_publicize_connections":[],"jetpack_featured_media_url":"https:\/\/portalmovil.com.ar\/wp-content\/uploads\/2020\/10\/alberto-fernandez-en-la-angostura-20200608-968322.jpg","jetpack_sharing_enabled":true,"amp_enabled":true,"_links":{"self":[{"href":"https:\/\/portalmovil.com.ar\/index.php\/wp-json\/wp\/v2\/posts\/16263","targetHints":{"allow":["GET"]}}],"collection":[{"href":"https:\/\/portalmovil.com.ar\/index.php\/wp-json\/wp\/v2\/posts"}],"about":[{"href":"https:\/\/portalmovil.com.ar\/index.php\/wp-json\/wp\/v2\/types\/post"}],"author":[{"embeddable":true,"href":"https:\/\/portalmovil.com.ar\/index.php\/wp-json\/wp\/v2\/users\/2"}],"replies":[{"embeddable":true,"href":"https:\/\/portalmovil.com.ar\/index.php\/wp-json\/wp\/v2\/comments?post=16263"}],"version-history":[{"count":1,"href":"https:\/\/portalmovil.com.ar\/index.php\/wp-json\/wp\/v2\/posts\/16263\/revisions"}],"predecessor-version":[{"id":16264,"href":"https:\/\/portalmovil.com.ar\/index.php\/wp-json\/wp\/v2\/posts\/16263\/revisions\/16264"}],"wp:featuredmedia":[{"embeddable":true,"href":"https:\/\/portalmovil.com.ar\/index.php\/wp-json\/wp\/v2\/media\/13590"}],"wp:attachment":[{"href":"https:\/\/portalmovil.com.ar\/index.php\/wp-json\/wp\/v2\/media?parent=16263"}],"wp:term":[{"taxonomy":"category","embeddable":true,"href":"https:\/\/portalmovil.com.ar\/index.php\/wp-json\/wp\/v2\/categories?post=16263"},{"taxonomy":"post_tag","embeddable":true,"href":"https:\/\/portalmovil.com.ar\/index.php\/wp-json\/wp\/v2\/tags?post=16263"}],"curies":[{"name":"wp","href":"https:\/\/api.w.org\/{rel}","templated":true}]}}