{"id":15998,"date":"2020-11-25T12:45:26","date_gmt":"2020-11-25T15:45:26","guid":{"rendered":"https:\/\/portalmovil.com.ar\/?p=15998"},"modified":"2020-11-25T12:45:29","modified_gmt":"2020-11-25T15:45:29","slug":"salud-publica-pondra-en-marcha-una-campana-de-vacunacion-escolar-este-viernes","status":"publish","type":"post","link":"https:\/\/portalmovil.com.ar\/index.php\/2020\/11\/25\/salud-publica-pondra-en-marcha-una-campana-de-vacunacion-escolar-este-viernes\/","title":{"rendered":"Salud P\u00fablica pondr\u00e1 en marcha una campa\u00f1a de vacunaci\u00f3n escolar este viernes"},"content":{"rendered":"\n<p>El Departamento de Inmunizaciones del Ministerio de Salud P\u00fablica del Chaco, pondr\u00e1 en marcha LA Campa\u00f1a Provincial de Vacunaci\u00f3n Escolar. El lanzamiento oficial ser\u00e1 este viernes 27, en el horario de las 9, en las instalaciones de la Escuela 345 Almirante Brown de la ciudad de Barranqueras.<\/p>\n\n\n\n<p>Esta iniciativa de Salud P\u00fablica e Inmunizaciones es posible gracias al trabajo en conjunto con el Ministerio de Educaci\u00f3n del Chaco y el Programa Nacional de Salud Escolar (PROSANE). Para la log\u00edstica de cada una de las intervenciones se desarrollar\u00e1 un trabajo en red entre los establecimientos educativos, centros de salud y personal de Inmunizaciones.<\/p>\n\n\n\n<p>El primer tramo de la campa\u00f1a abarcar\u00e1 a los establecimientos educativos ubicados en la Regi\u00f3n Sanitaria 8, en el \u00c1rea Metropolitana del Gran Resistencia. Luego la vacunaci\u00f3n se extender\u00e1 al resto del territorio provincial chaque\u00f1o.<\/p>\n\n\n\n<p>La campa\u00f1a est\u00e1 destinada a la poblaci\u00f3n en general y en cada una de las intervenciones se aplicar\u00e1n dosis para completar el calendario nacional de vacunaci\u00f3n. Por esta raz\u00f3n cada persona que asista a los establecimientos educativos deber\u00e1 presentar el carnet de vacunaci\u00f3n y dar fe de las dosis faltantes para de esta manera completar el esquema vacunatorio.<\/p>\n\n\n\n<p>Durante el operativo de lanzamiento, conjuntamente con los agentes de Inmunizaciones, intervendr\u00e1 el personal del Hospital Eva Per\u00f3n de Barranqueras y de los centros de salud 4 de junio y Villa Hortensia, de la misma ciudad.<\/p>\n\n\n\n<p>Si bien en los establecimientos educativos del Gran Resistencia no est\u00e1n dict\u00e1ndose clases en modalidad presencial, la mayor\u00eda de las aulas permanecen abiertas para el funcionamiento del comedor escolar y de otras actividades.<\/p>\n\n\n\n<p>La campa\u00f1a de vacunaci\u00f3n permitir\u00e1 aprovechar el espacio f\u00edsico de las escuelas para realizar inmunizaciones de gran concurrencia en las que se evite cualquier tipo de aglomeraci\u00f3n respetando el distanciamiento social requerido en el marco de la pandemia por coronavirus.<\/p>\n","protected":false},"excerpt":{"rendered":"<p>El Departamento de Inmunizaciones del Ministerio de Salud P\u00fablica del Chaco, pondr\u00e1 en marcha LA Campa\u00f1a Provincial de Vacunaci\u00f3n Escolar. El lanzamiento oficial ser\u00e1 este viernes 27, en el horario de las 9, en las instalaciones de la Escuela 345 Almirante Brown de la ciudad de Barranqueras. Esta iniciativa de Salud P\u00fablica e Inmunizaciones es &hellip;<\/p>\n","protected":false},"author":2,"featured_media":15999,"comment_status":"open","ping_status":"open","sticky":false,"template":"","format":"standard","meta":{"_jetpack_memberships_contains_paid_content":false,"footnotes":"","jetpack_publicize_message":"","jetpack_publicize_feature_enabled":true,"jetpack_social_post_already_shared":true,"jetpack_social_options":{"image_generator_settings":{"template":"highway","default_image_id":0,"font":"","enabled":false},"version":2}},"categories":[5,46],"tags":[],"class_list":["post-15998","post","type-post","status-publish","format-standard","has-post-thumbnail","hentry","category-chaco","category-salud"],"jetpack_publicize_connections":[],"jetpack_featured_media_url":"https:\/\/portalmovil.com.ar\/wp-content\/uploads\/2020\/11\/231d93c0b76c46242069f62fcd59c289.jpg","jetpack_sharing_enabled":true,"amp_enabled":true,"_links":{"self":[{"href":"https:\/\/portalmovil.com.ar\/index.php\/wp-json\/wp\/v2\/posts\/15998","targetHints":{"allow":["GET"]}}],"collection":[{"href":"https:\/\/portalmovil.com.ar\/index.php\/wp-json\/wp\/v2\/posts"}],"about":[{"href":"https:\/\/portalmovil.com.ar\/index.php\/wp-json\/wp\/v2\/types\/post"}],"author":[{"embeddable":true,"href":"https:\/\/portalmovil.com.ar\/index.php\/wp-json\/wp\/v2\/users\/2"}],"replies":[{"embeddable":true,"href":"https:\/\/portalmovil.com.ar\/index.php\/wp-json\/wp\/v2\/comments?post=15998"}],"version-history":[{"count":1,"href":"https:\/\/portalmovil.com.ar\/index.php\/wp-json\/wp\/v2\/posts\/15998\/revisions"}],"predecessor-version":[{"id":16000,"href":"https:\/\/portalmovil.com.ar\/index.php\/wp-json\/wp\/v2\/posts\/15998\/revisions\/16000"}],"wp:featuredmedia":[{"embeddable":true,"href":"https:\/\/portalmovil.com.ar\/index.php\/wp-json\/wp\/v2\/media\/15999"}],"wp:attachment":[{"href":"https:\/\/portalmovil.com.ar\/index.php\/wp-json\/wp\/v2\/media?parent=15998"}],"wp:term":[{"taxonomy":"category","embeddable":true,"href":"https:\/\/portalmovil.com.ar\/index.php\/wp-json\/wp\/v2\/categories?post=15998"},{"taxonomy":"post_tag","embeddable":true,"href":"https:\/\/portalmovil.com.ar\/index.php\/wp-json\/wp\/v2\/tags?post=15998"}],"curies":[{"name":"wp","href":"https:\/\/api.w.org\/{rel}","templated":true}]}}