{"id":15868,"date":"2020-11-22T18:31:34","date_gmt":"2020-11-22T21:31:34","guid":{"rendered":"https:\/\/portalmovil.com.ar\/?p=15868"},"modified":"2020-11-22T18:31:39","modified_gmt":"2020-11-22T21:31:39","slug":"sameep-amplia-el-servicio-de-agua-potable-en-el-b-los-aromitos","status":"publish","type":"post","link":"https:\/\/portalmovil.com.ar\/index.php\/2020\/11\/22\/sameep-amplia-el-servicio-de-agua-potable-en-el-b-los-aromitos\/","title":{"rendered":"SAMEEP: ampl\u00eda el servicio de agua potable en el B\u00b0 los Aromitos"},"content":{"rendered":"\n<p>La obra consiste en la extensi\u00f3n de 665 metros de ca\u00f1er\u00edas de PVC de 75 mil\u00edmetros de di\u00e1metro, y 445 metros de ca\u00f1er\u00edas de PVC de 200 mil\u00edmetros de di\u00e1metro.<\/p>\n\n\n\n<p>Hasta el momento, se colocaron 290 metros de ca\u00f1er\u00eda de 75 mil\u00edmetros y se hicieron 20 conexiones domiciliarias, mientras se prepara el terreno para la colocaci\u00f3n de las ca\u00f1er\u00edas de 200 mil\u00edmetro, para as\u00ed proseguir la obra hasta su finalizaci\u00f3n.<\/p>\n\n\n\n<p>El presidente de Sameep, Pablo S\u00e1nchez, resalt\u00f3 las diversas tareas que est\u00e1 llevando adelante la empresa. \u201cEste objetivo en el que estamos trabajando se encuentra en consonancia con el del gobernador Capitanich de llegar con la universalizaci\u00f3n del agua a los chaque\u00f1os y chaque\u00f1as. La extensi\u00f3n de red que estamos realizando en Los Aromitos es lo que pretendemos replicar en cada rinc\u00f3n de la provincia\u201d.<\/p>\n\n\n\n<p>\u201cDesde el Directorio apoyamos plenamente los proyectos y acciones que se proponen para mejorar el saneamiento en toda la provincia y sobre todo llegar a quienes carecen de este derecho b\u00e1sico que mejora la calidad de vida en cada hogar\u201d, concluy\u00f3 S\u00e1nchez.<\/p>\n","protected":false},"excerpt":{"rendered":"<p>La obra consiste en la extensi\u00f3n de 665 metros de ca\u00f1er\u00edas de PVC de 75 mil\u00edmetros de di\u00e1metro, y 445 metros de ca\u00f1er\u00edas de PVC de 200 mil\u00edmetros de di\u00e1metro. Hasta el momento, se colocaron 290 metros de ca\u00f1er\u00eda de 75 mil\u00edmetros y se hicieron 20 conexiones domiciliarias, mientras se prepara el terreno para la &hellip;<\/p>\n","protected":false},"author":2,"featured_media":15869,"comment_status":"open","ping_status":"open","sticky":false,"template":"","format":"standard","meta":{"_jetpack_memberships_contains_paid_content":false,"footnotes":"","jetpack_publicize_message":"","jetpack_publicize_feature_enabled":true,"jetpack_social_post_already_shared":true,"jetpack_social_options":{"image_generator_settings":{"template":"highway","default_image_id":0,"font":"","enabled":false},"version":2}},"categories":[37],"tags":[],"class_list":["post-15868","post","type-post","status-publish","format-standard","has-post-thumbnail","hentry","category-resistencia"],"jetpack_publicize_connections":[],"jetpack_featured_media_url":"https:\/\/portalmovil.com.ar\/wp-content\/uploads\/2020\/11\/9cdbc95a7f05114b38fe588758a005cb.jpg","jetpack_sharing_enabled":true,"amp_enabled":true,"_links":{"self":[{"href":"https:\/\/portalmovil.com.ar\/index.php\/wp-json\/wp\/v2\/posts\/15868","targetHints":{"allow":["GET"]}}],"collection":[{"href":"https:\/\/portalmovil.com.ar\/index.php\/wp-json\/wp\/v2\/posts"}],"about":[{"href":"https:\/\/portalmovil.com.ar\/index.php\/wp-json\/wp\/v2\/types\/post"}],"author":[{"embeddable":true,"href":"https:\/\/portalmovil.com.ar\/index.php\/wp-json\/wp\/v2\/users\/2"}],"replies":[{"embeddable":true,"href":"https:\/\/portalmovil.com.ar\/index.php\/wp-json\/wp\/v2\/comments?post=15868"}],"version-history":[{"count":1,"href":"https:\/\/portalmovil.com.ar\/index.php\/wp-json\/wp\/v2\/posts\/15868\/revisions"}],"predecessor-version":[{"id":15870,"href":"https:\/\/portalmovil.com.ar\/index.php\/wp-json\/wp\/v2\/posts\/15868\/revisions\/15870"}],"wp:featuredmedia":[{"embeddable":true,"href":"https:\/\/portalmovil.com.ar\/index.php\/wp-json\/wp\/v2\/media\/15869"}],"wp:attachment":[{"href":"https:\/\/portalmovil.com.ar\/index.php\/wp-json\/wp\/v2\/media?parent=15868"}],"wp:term":[{"taxonomy":"category","embeddable":true,"href":"https:\/\/portalmovil.com.ar\/index.php\/wp-json\/wp\/v2\/categories?post=15868"},{"taxonomy":"post_tag","embeddable":true,"href":"https:\/\/portalmovil.com.ar\/index.php\/wp-json\/wp\/v2\/tags?post=15868"}],"curies":[{"name":"wp","href":"https:\/\/api.w.org\/{rel}","templated":true}]}}