{"id":15852,"date":"2020-11-22T11:59:13","date_gmt":"2020-11-22T14:59:13","guid":{"rendered":"https:\/\/portalmovil.com.ar\/?p=15852"},"modified":"2020-11-22T11:59:15","modified_gmt":"2020-11-22T14:59:15","slug":"diputados-se-prepara-para-aprobar-la-legalizacion-del-aborto","status":"publish","type":"post","link":"https:\/\/portalmovil.com.ar\/index.php\/2020\/11\/22\/diputados-se-prepara-para-aprobar-la-legalizacion-del-aborto\/","title":{"rendered":"Diputados se prepara para aprobar la legalizaci\u00f3n del aborto"},"content":{"rendered":"\n<p>El proyecto de legalizaci\u00f3n del aborto enviado el martes al Parlamento por el presidente Alberto Fern\u00e1ndez ser\u00eda aprobado por la C\u00e1mara de Diputados antes de fin de a\u00f1o y su debate podr\u00eda demandar dos semanas, ya que se analiza agilizar la discusi\u00f3n con la inserci\u00f3n de las presentaciones que en 2018 realizaron expositores a favor y en contra de la iniciativa.<\/p>\n\n\n\n<h2 class=\"wp-block-heading\"><strong>El oficialismo conf\u00eda en que tendr\u00e1 los votos necesarios para aprobar la iniciativa en la C\u00e1mara baja, ya que no se requieren mayor\u00edas especiales para aprobar el proyecto enviado el martes por el presidente Alberto Fern\u00e1ndez al Parlamento.<\/strong><\/h2>\n\n\n\n<p>Tras enviar el texto, que ingres\u00f3 por Diputados,\u00a0el Presidente expres\u00f3 d\u00edas atr\u00e1s su confianza en que \u00abesta vez ser\u00e1 ley\u00bb, prometi\u00f3 que har\u00e1 \u00abtodos los esfuerzos para que el Congreso acompa\u00f1e\u00bb la iniciativa y reafirm\u00f3 su compromiso \u00abactivo\u00bb con la propuesta.<\/p>\n\n\n\n<p>\u00abEstamos en condiciones de que esta vez se convierta en ley\u00bb, remarc\u00f3 el jefe de Estado en una entrevista radial, en la que diferenci\u00f3 el contexto de debate actual con respecto al del 2018, cuando el expresidente Mauricio Macri anunci\u00f3 el tratamiento parlamentario del tema, y la iniciativa fue aprobada en Diputados pero fracas\u00f3 luego en el Senado.<\/p>\n\n\n\n<p>\u00abQue el Presidente mande un proyecto, que reclame su tratamiento y aprobaci\u00f3n, y que se comprometa p\u00fablicamente de que el aborto es necesario, genera un escenario distinto\u00bb, grafic\u00f3 Fern\u00e1ndez.<\/p>\n","protected":false},"excerpt":{"rendered":"<p>El proyecto de legalizaci\u00f3n del aborto enviado el martes al Parlamento por el presidente Alberto Fern\u00e1ndez ser\u00eda aprobado por la C\u00e1mara de Diputados antes de fin de a\u00f1o y su debate podr\u00eda demandar dos semanas, ya que se analiza agilizar la discusi\u00f3n con la inserci\u00f3n de las presentaciones que en 2018 realizaron expositores a favor &hellip;<\/p>\n","protected":false},"author":2,"featured_media":9250,"comment_status":"open","ping_status":"open","sticky":false,"template":"","format":"standard","meta":{"_jetpack_memberships_contains_paid_content":false,"footnotes":"","jetpack_publicize_message":"","jetpack_publicize_feature_enabled":true,"jetpack_social_post_already_shared":true,"jetpack_social_options":{"image_generator_settings":{"template":"highway","default_image_id":0,"font":"","enabled":false},"version":2}},"categories":[34,12],"tags":[],"class_list":["post-15852","post","type-post","status-publish","format-standard","has-post-thumbnail","hentry","category-nacional","category-ultimo"],"jetpack_publicize_connections":[],"jetpack_featured_media_url":"https:\/\/portalmovil.com.ar\/wp-content\/uploads\/2020\/07\/senadooo-696x522-1.jpg","jetpack_sharing_enabled":true,"amp_enabled":true,"_links":{"self":[{"href":"https:\/\/portalmovil.com.ar\/index.php\/wp-json\/wp\/v2\/posts\/15852","targetHints":{"allow":["GET"]}}],"collection":[{"href":"https:\/\/portalmovil.com.ar\/index.php\/wp-json\/wp\/v2\/posts"}],"about":[{"href":"https:\/\/portalmovil.com.ar\/index.php\/wp-json\/wp\/v2\/types\/post"}],"author":[{"embeddable":true,"href":"https:\/\/portalmovil.com.ar\/index.php\/wp-json\/wp\/v2\/users\/2"}],"replies":[{"embeddable":true,"href":"https:\/\/portalmovil.com.ar\/index.php\/wp-json\/wp\/v2\/comments?post=15852"}],"version-history":[{"count":1,"href":"https:\/\/portalmovil.com.ar\/index.php\/wp-json\/wp\/v2\/posts\/15852\/revisions"}],"predecessor-version":[{"id":15853,"href":"https:\/\/portalmovil.com.ar\/index.php\/wp-json\/wp\/v2\/posts\/15852\/revisions\/15853"}],"wp:featuredmedia":[{"embeddable":true,"href":"https:\/\/portalmovil.com.ar\/index.php\/wp-json\/wp\/v2\/media\/9250"}],"wp:attachment":[{"href":"https:\/\/portalmovil.com.ar\/index.php\/wp-json\/wp\/v2\/media?parent=15852"}],"wp:term":[{"taxonomy":"category","embeddable":true,"href":"https:\/\/portalmovil.com.ar\/index.php\/wp-json\/wp\/v2\/categories?post=15852"},{"taxonomy":"post_tag","embeddable":true,"href":"https:\/\/portalmovil.com.ar\/index.php\/wp-json\/wp\/v2\/tags?post=15852"}],"curies":[{"name":"wp","href":"https:\/\/api.w.org\/{rel}","templated":true}]}}