{"id":1582,"date":"2020-02-09T20:55:49","date_gmt":"2020-02-09T23:55:49","guid":{"rendered":"http:\/\/portalmovil.com.ar\/?p=1582"},"modified":"2020-02-09T20:55:55","modified_gmt":"2020-02-09T23:55:55","slug":"colonia-aborigen-delincuente-salio-en-libertad-y-en-menos-de-48hs-volvio-a-robar","status":"publish","type":"post","link":"https:\/\/portalmovil.com.ar\/index.php\/2020\/02\/09\/colonia-aborigen-delincuente-salio-en-libertad-y-en-menos-de-48hs-volvio-a-robar\/","title":{"rendered":"Colonia Aborigen: Delincuente sali\u00f3 en libertad, y en menos de 48hs volvi\u00f3 a robar"},"content":{"rendered":"\n<p>Un delincuente que hab\u00eda sido liberado el jueves,&nbsp;volvi\u00f3 a caer preso 48hs&nbsp;despues&nbsp;.&nbsp;&nbsp;<\/p>\n\n\n\n<p>Tras la denuncia de un vecino, que indico a las autoridades policial de la\u00a0 Comisaria Rural; el robo de un Cable Taller Tipo\u00a0Tpr Bipolar Alargue, en su propiedad. \u00a0<\/p>\n\n\n\n<p>Al tomar conocimiento, los efectivos, iniciaron tareas investigativas sobre la zona, encontrando\u00a0as\u00ed\u00a0al ladron\u00a0identificado\u00a0CH. L. G de 23 a\u00f1os, quien se encontraba en la v\u00eda p\u00fablica ofreciendo a la venta el elemento hurtado.\u00a0<\/p>\n\n\n\n<p>La fiscal de turno dispuso que sea notificado de su aprehensi\u00f3n y que se entregue lo robado a su propietario.&nbsp;<\/p>\n","protected":false},"excerpt":{"rendered":"<p>Un delincuente que hab\u00eda sido liberado el jueves,&nbsp;volvi\u00f3 a caer preso 48hs&nbsp;despues&nbsp;.&nbsp;&nbsp; Tras la denuncia de un vecino, que indico a las autoridades policial de la\u00a0 Comisaria Rural; el robo de un Cable Taller Tipo\u00a0Tpr Bipolar Alargue, en su propiedad. \u00a0 Al tomar conocimiento, los efectivos, iniciaron tareas investigativas sobre la zona, encontrando\u00a0as\u00ed\u00a0al ladron\u00a0identificado\u00a0CH. L. &hellip;<\/p>\n","protected":false},"author":2,"featured_media":1583,"comment_status":"open","ping_status":"open","sticky":false,"template":"","format":"standard","meta":{"_jetpack_memberships_contains_paid_content":false,"footnotes":"","jetpack_publicize_message":"","jetpack_publicize_feature_enabled":true,"jetpack_social_post_already_shared":true,"jetpack_social_options":{"image_generator_settings":{"template":"highway","default_image_id":0,"font":"","enabled":false},"version":2}},"categories":[42,8],"tags":[],"class_list":["post-1582","post","type-post","status-publish","format-standard","has-post-thumbnail","hentry","category-interior","category-policiales"],"jetpack_publicize_connections":[],"jetpack_featured_media_url":"https:\/\/portalmovil.com.ar\/wp-content\/uploads\/2020\/02\/mp-2.jpg","jetpack_sharing_enabled":true,"amp_enabled":true,"_links":{"self":[{"href":"https:\/\/portalmovil.com.ar\/index.php\/wp-json\/wp\/v2\/posts\/1582","targetHints":{"allow":["GET"]}}],"collection":[{"href":"https:\/\/portalmovil.com.ar\/index.php\/wp-json\/wp\/v2\/posts"}],"about":[{"href":"https:\/\/portalmovil.com.ar\/index.php\/wp-json\/wp\/v2\/types\/post"}],"author":[{"embeddable":true,"href":"https:\/\/portalmovil.com.ar\/index.php\/wp-json\/wp\/v2\/users\/2"}],"replies":[{"embeddable":true,"href":"https:\/\/portalmovil.com.ar\/index.php\/wp-json\/wp\/v2\/comments?post=1582"}],"version-history":[{"count":2,"href":"https:\/\/portalmovil.com.ar\/index.php\/wp-json\/wp\/v2\/posts\/1582\/revisions"}],"predecessor-version":[{"id":1585,"href":"https:\/\/portalmovil.com.ar\/index.php\/wp-json\/wp\/v2\/posts\/1582\/revisions\/1585"}],"wp:featuredmedia":[{"embeddable":true,"href":"https:\/\/portalmovil.com.ar\/index.php\/wp-json\/wp\/v2\/media\/1583"}],"wp:attachment":[{"href":"https:\/\/portalmovil.com.ar\/index.php\/wp-json\/wp\/v2\/media?parent=1582"}],"wp:term":[{"taxonomy":"category","embeddable":true,"href":"https:\/\/portalmovil.com.ar\/index.php\/wp-json\/wp\/v2\/categories?post=1582"},{"taxonomy":"post_tag","embeddable":true,"href":"https:\/\/portalmovil.com.ar\/index.php\/wp-json\/wp\/v2\/tags?post=1582"}],"curies":[{"name":"wp","href":"https:\/\/api.w.org\/{rel}","templated":true}]}}