{"id":15782,"date":"2020-11-20T17:48:50","date_gmt":"2020-11-20T20:48:50","guid":{"rendered":"https:\/\/portalmovil.com.ar\/?p=15782"},"modified":"2020-11-20T17:48:53","modified_gmt":"2020-11-20T20:48:53","slug":"resistencia-el-municipio-homenajeo-a-los-heroes-del-combate-de-la-vuelta-de-obligado","status":"publish","type":"post","link":"https:\/\/portalmovil.com.ar\/index.php\/2020\/11\/20\/resistencia-el-municipio-homenajeo-a-los-heroes-del-combate-de-la-vuelta-de-obligado\/","title":{"rendered":"Resistencia: El Municipio homenaje\u00f3 a los h\u00e9roes del Combate de la Vuelta de Obligado"},"content":{"rendered":"\n<p>El Municipio de Resistencia celebr\u00f3 el\u00a0D\u00eda de la Soberan\u00eda Nacional\u00a0conmemorando el\u00a0<strong>175\u00b0 aniversario del Combate de la Vuelta de Obligado<\/strong>\u00a0con el izamiento de pabellones en el m\u00e1stil mayor de avenida 9 de Julio.\u00a0<\/p>\n\n\n\n<p>La ceremonia, organizada por la Comisi\u00f3n Oficial de Fiestas Patrias y Conmemoraciones de la comuna, fue encabezada por el presidente del Concejo Municipal,\u00a0Agust\u00edn Romero\u00a0-en representaci\u00f3n del intendente\u00a0Gustavo Mart\u00ednez-, autoridades y vecinos que se sumaron con respeto al enarbolado de las banderas Nacional y del Chaco.\u00a0<\/p>\n\n\n\n<p>Romero destac\u00f3&nbsp;&nbsp;que \u00abes conmovedor ver c\u00f3mo la ciudadan\u00eda se detiene de sus tareas para presentar su respeto a una de las m\u00e1ximas batallas, a una de las m\u00e1ximas expresiones heroicas de la soberan\u00eda nacional\u00bb.&nbsp;&nbsp;&nbsp;<\/p>\n\n\n\n<p>\u00abEn tiempos dif\u00edciles es un honor poder realizar estos actos y tambi\u00e9n es realmente gratificante ver c\u00f3mo la ciudadan\u00eda expresa su respeto por la bandera nacional y como entre todos estamos luchando para salir adelante de esta situaci\u00f3n que inesperadamente nos trajo esta pandemia\u00bb,&nbsp;&nbsp;<\/p>\n\n\n\n<p>Participaron adem\u00e1s el secretario de Planificaci\u00f3n, Infraestructura y Ambiente,<strong>\u00a0Guillermo Monz\u00f3n<\/strong>; el subsecretario de Legal y T\u00e9cnica;\u00a0<strong>Ra\u00fal Parra<\/strong>\u00a0y la presidente de la Comisi\u00f3n Oficial de Fiestas Patrias de la Comuna,\u00a0<strong>Carmen Ram\u00edrez<\/strong>, quien destac\u00f3 que \u00absiempre es importante recordar lo que es parte de nuestra historia\u00bb.\u00a0<\/p>\n\n\n\n<h3 class=\"wp-block-heading\"><strong>GESTA HIST\u00d3RICA\u00a0\u00a0<\/strong><\/h3>\n\n\n\n<p>La batalla de la Vuelta de Obligado, en 1845, marc\u00f3 un hito por el cual, cada 20 de noviembre, se conmemora y celebra el D\u00eda de la Soberan\u00eda Nacional.&nbsp;&nbsp;<\/p>\n\n\n\n<p>Ese d\u00eda, soldados argentinos repelieron la invasi\u00f3n del ej\u00e9rcito anglo-franc\u00e9s, que pretend\u00eda colonizar los territorios de nuestro pa\u00eds. Pero el Gobierno de Juan Manuel de Rosas, respaldado desde el exilio por el general Jos\u00e9 de San Mart\u00edn, prepar\u00f3 una resistencia y lo impidi\u00f3.&nbsp;&nbsp;<\/p>\n\n\n\n<p>Las fuerzas invasoras buscaban ingresar por el Paran\u00e1. Sin embargo, las tropas nacionales, al mando de Lucio Mansilla, se anticiparon en un estrecho recodo de ese r\u00edo: la Vuelta de Obligado, en el distrito bonaerense de San Pedro.&nbsp;&nbsp;<\/p>\n\n\n\n<p>Como consecuencia de la batalla la Confederaci\u00f3n Argentina sufri\u00f3 250 muertos, 400 heridos y un total de 21 ca\u00f1ones tomados por la fuerza europea. Los europeos sufrieron la muerte de 26 de sus combatientes, 86 heridos y su flota sufri\u00f3 da\u00f1os tales que se vieron obligados a dejarla varada en Obligado por unos 40 d\u00edas, haci\u00e9ndoles reparaciones de emergencia.&nbsp;&nbsp;<\/p>\n\n\n\n<p>Los anglo-franceses forzaron el paso y continuaron hacia el norte, por lo que se atribuyeron la victoria. Pero result\u00f3 p\u00edrrica, ya que los escasos buques anglo-franceses que quedaron con capacidad de navegar, fueron nuevamente atacados en el Paso del Tonelero y Angostura del Quebracho. Qued\u00f3 claro que era imposible navegar los r\u00edos interiores sin tener autorizaci\u00f3n de la Confederaci\u00f3n Argentina.&nbsp;&nbsp;<\/p>\n\n\n\n<p>El acontecimiento sirvi\u00f3 para ratificar y garantizar la soberan\u00eda nacional, implic\u00f3 la firma de un tratado de paz entre Argentina, Francia y Gran Breta\u00f1a, y qued\u00f3 grabado en la historia como un s\u00edmbolo de independencia, libertad y unidad nacional.<\/p>\n","protected":false},"excerpt":{"rendered":"<p>El Municipio de Resistencia celebr\u00f3 el\u00a0D\u00eda de la Soberan\u00eda Nacional\u00a0conmemorando el\u00a0175\u00b0 aniversario del Combate de la Vuelta de Obligado\u00a0con el izamiento de pabellones en el m\u00e1stil mayor de avenida 9 de Julio.\u00a0 La ceremonia, organizada por la Comisi\u00f3n Oficial de Fiestas Patrias y Conmemoraciones de la comuna, fue encabezada por el presidente del Concejo Municipal,\u00a0Agust\u00edn &hellip;<\/p>\n","protected":false},"author":2,"featured_media":15783,"comment_status":"open","ping_status":"open","sticky":false,"template":"","format":"standard","meta":{"_jetpack_memberships_contains_paid_content":false,"footnotes":"","jetpack_publicize_message":"","jetpack_publicize_feature_enabled":true,"jetpack_social_post_already_shared":true,"jetpack_social_options":{"image_generator_settings":{"template":"highway","default_image_id":0,"font":"","enabled":false},"version":2}},"categories":[14,37],"tags":[],"class_list":["post-15782","post","type-post","status-publish","format-standard","has-post-thumbnail","hentry","category-politica","category-resistencia"],"jetpack_publicize_connections":[],"jetpack_featured_media_url":"https:\/\/portalmovil.com.ar\/wp-content\/uploads\/2020\/11\/izamiento_por_el_dia_de_la_soberania_nacional_2_112439_112439.jpg","jetpack_sharing_enabled":true,"amp_enabled":true,"_links":{"self":[{"href":"https:\/\/portalmovil.com.ar\/index.php\/wp-json\/wp\/v2\/posts\/15782","targetHints":{"allow":["GET"]}}],"collection":[{"href":"https:\/\/portalmovil.com.ar\/index.php\/wp-json\/wp\/v2\/posts"}],"about":[{"href":"https:\/\/portalmovil.com.ar\/index.php\/wp-json\/wp\/v2\/types\/post"}],"author":[{"embeddable":true,"href":"https:\/\/portalmovil.com.ar\/index.php\/wp-json\/wp\/v2\/users\/2"}],"replies":[{"embeddable":true,"href":"https:\/\/portalmovil.com.ar\/index.php\/wp-json\/wp\/v2\/comments?post=15782"}],"version-history":[{"count":1,"href":"https:\/\/portalmovil.com.ar\/index.php\/wp-json\/wp\/v2\/posts\/15782\/revisions"}],"predecessor-version":[{"id":15784,"href":"https:\/\/portalmovil.com.ar\/index.php\/wp-json\/wp\/v2\/posts\/15782\/revisions\/15784"}],"wp:featuredmedia":[{"embeddable":true,"href":"https:\/\/portalmovil.com.ar\/index.php\/wp-json\/wp\/v2\/media\/15783"}],"wp:attachment":[{"href":"https:\/\/portalmovil.com.ar\/index.php\/wp-json\/wp\/v2\/media?parent=15782"}],"wp:term":[{"taxonomy":"category","embeddable":true,"href":"https:\/\/portalmovil.com.ar\/index.php\/wp-json\/wp\/v2\/categories?post=15782"},{"taxonomy":"post_tag","embeddable":true,"href":"https:\/\/portalmovil.com.ar\/index.php\/wp-json\/wp\/v2\/tags?post=15782"}],"curies":[{"name":"wp","href":"https:\/\/api.w.org\/{rel}","templated":true}]}}