{"id":15744,"date":"2020-11-19T21:59:18","date_gmt":"2020-11-20T00:59:18","guid":{"rendered":"https:\/\/portalmovil.com.ar\/?p=15744"},"modified":"2020-11-19T21:59:22","modified_gmt":"2020-11-20T00:59:22","slug":"gines-falta-poco-para-que-la-vacuna-este-lista","status":"publish","type":"post","link":"https:\/\/portalmovil.com.ar\/index.php\/2020\/11\/19\/gines-falta-poco-para-que-la-vacuna-este-lista\/","title":{"rendered":"Gin\u00e9s: \u00abFalta poco para que la vacuna est\u00e9 lista\u00bb"},"content":{"rendered":"\n<p>El Ministro de Salud de la Naci\u00f3n, Gin\u00e9s Gonz\u00e1lez Garc\u00eda, se\u00f1al\u00f3 la importancia de \u00ablograr una planificaci\u00f3n para que llegue a la mayor cantidad de personas\u00bb la vacuna contra el coronavirus, durante una visita que realiz\u00f3 a la provincia de San Luis, donde se reuni\u00f3 con el gobernador Alberto Rodr\u00edguez Sa\u00e1.<\/p>\n\n\n\n<p><strong>\u00abFalta poco tiempo para que la vacuna contra el Covid-19 est\u00e9 lista y hay que lograr una planificaci\u00f3n para que llegue a la mayor cantidad de personas\u00bb<\/strong>, sostuvo el ministro y enfatiz\u00f3 que&nbsp;<strong>\u00abla idea es vacunar hasta el mes de julio del a\u00f1o venidero para disminuir la mortalidad\u00bb&nbsp;<\/strong>por el coronavirus.<\/p>\n\n\n\n<p>Gonz\u00e1lez Garc\u00eda ratific\u00f3 que<strong>&nbsp;\u00abla vacuna ser\u00e1 gratuita y se colocar\u00e1 primero a las personas de riesgo y a los trabajadores del \u00e1rea de salud\u00bb<\/strong>.<\/p>\n\n\n\n<p>\u00abDentro de nuestros planes est\u00e1 realizar la campa\u00f1a de vacunaci\u00f3n m\u00e1s grande en la historia y llegar a todos los sectores de la sociedad\u00bb, destac\u00f3.<\/p>\n\n\n\n<p>No obstante, advirti\u00f3 que<strong>&nbsp;\u00abno hay dejar de lado los cuidados b\u00e1sicos\u00bb que se vienen manteniendo porque \u00abtodav\u00eda no hay aprobada ninguna vacuna, sabemos que va a ser muy pronto, pero no cu\u00e1ndo\u00bb<\/strong>.<\/p>\n\n\n\n<p>El ministro asever\u00f3 que el momento decidido \u00abpara poner el pa\u00eds en cuarentena evit\u00f3 consecuencias peores, fosas comunes e im\u00e1genes horribles que sucedieron en distintos lugares del mundo\u00bb.<\/p>\n\n\n\n<p>Sobre la posibilidad de un rebrote, dijo esperar que no suceda \u00abporque el virus tiene una capacidad de transmisi\u00f3n tremenda\u00bb.<\/p>\n\n\n\n<p>Por ello, llam\u00f3 a ser \u00abdoblemente cuidadosos para evitar que eso ocurra\u00bb en momentos en que se est\u00e1 por iniciar la temporada de verano.<\/p>\n\n\n\n<p>Gonz\u00e1lez Garc\u00eda efectu\u00f3 estas manifestaciones a trav\u00e9s de un encuentro virtual transmitido por la agencia oficial de San Luis y el canal local.<\/p>\n","protected":false},"excerpt":{"rendered":"<p>El Ministro de Salud de la Naci\u00f3n, Gin\u00e9s Gonz\u00e1lez Garc\u00eda, se\u00f1al\u00f3 la importancia de \u00ablograr una planificaci\u00f3n para que llegue a la mayor cantidad de personas\u00bb la vacuna contra el coronavirus, durante una visita que realiz\u00f3 a la provincia de San Luis, donde se reuni\u00f3 con el gobernador Alberto Rodr\u00edguez Sa\u00e1. \u00abFalta poco tiempo para &hellip;<\/p>\n","protected":false},"author":2,"featured_media":8403,"comment_status":"open","ping_status":"open","sticky":false,"template":"","format":"standard","meta":{"_jetpack_memberships_contains_paid_content":false,"footnotes":"","jetpack_publicize_message":"","jetpack_publicize_feature_enabled":true,"jetpack_social_post_already_shared":true,"jetpack_social_options":{"image_generator_settings":{"template":"highway","default_image_id":0,"font":"","enabled":false},"version":2}},"categories":[34,46],"tags":[],"class_list":["post-15744","post","type-post","status-publish","format-standard","has-post-thumbnail","hentry","category-nacional","category-salud"],"jetpack_publicize_connections":[],"jetpack_featured_media_url":"https:\/\/portalmovil.com.ar\/wp-content\/uploads\/2020\/06\/Gines-Gonzalez-Garcia-1024x576-1.jpg","jetpack_sharing_enabled":true,"amp_enabled":true,"_links":{"self":[{"href":"https:\/\/portalmovil.com.ar\/index.php\/wp-json\/wp\/v2\/posts\/15744","targetHints":{"allow":["GET"]}}],"collection":[{"href":"https:\/\/portalmovil.com.ar\/index.php\/wp-json\/wp\/v2\/posts"}],"about":[{"href":"https:\/\/portalmovil.com.ar\/index.php\/wp-json\/wp\/v2\/types\/post"}],"author":[{"embeddable":true,"href":"https:\/\/portalmovil.com.ar\/index.php\/wp-json\/wp\/v2\/users\/2"}],"replies":[{"embeddable":true,"href":"https:\/\/portalmovil.com.ar\/index.php\/wp-json\/wp\/v2\/comments?post=15744"}],"version-history":[{"count":1,"href":"https:\/\/portalmovil.com.ar\/index.php\/wp-json\/wp\/v2\/posts\/15744\/revisions"}],"predecessor-version":[{"id":15745,"href":"https:\/\/portalmovil.com.ar\/index.php\/wp-json\/wp\/v2\/posts\/15744\/revisions\/15745"}],"wp:featuredmedia":[{"embeddable":true,"href":"https:\/\/portalmovil.com.ar\/index.php\/wp-json\/wp\/v2\/media\/8403"}],"wp:attachment":[{"href":"https:\/\/portalmovil.com.ar\/index.php\/wp-json\/wp\/v2\/media?parent=15744"}],"wp:term":[{"taxonomy":"category","embeddable":true,"href":"https:\/\/portalmovil.com.ar\/index.php\/wp-json\/wp\/v2\/categories?post=15744"},{"taxonomy":"post_tag","embeddable":true,"href":"https:\/\/portalmovil.com.ar\/index.php\/wp-json\/wp\/v2\/tags?post=15744"}],"curies":[{"name":"wp","href":"https:\/\/api.w.org\/{rel}","templated":true}]}}