{"id":15700,"date":"2020-11-19T00:21:51","date_gmt":"2020-11-19T03:21:51","guid":{"rendered":"https:\/\/portalmovil.com.ar\/?p=15700"},"modified":"2020-11-19T08:08:56","modified_gmt":"2020-11-19T11:08:56","slug":"gobierno-anuncio-un-aumento-del-5-para-jubilados-en-diciembre","status":"publish","type":"post","link":"https:\/\/portalmovil.com.ar\/index.php\/2020\/11\/19\/gobierno-anuncio-un-aumento-del-5-para-jubilados-en-diciembre\/","title":{"rendered":"Gobierno anunci\u00f3 un aumento del 5% para jubilados en diciembre"},"content":{"rendered":"\n<p>El Gobierno anunci\u00f3 una suba por decreto del 5% para los haberes jubilatorios y asignaciones en diciembre. De esta manera, la jubilaci\u00f3n <strong>m\u00ednima quedar\u00e1 en los $19.035<\/strong> y el a\u00f1o culminar\u00e1 con un incremento del 35,5%.<br><br>El aumento, anunciado en conferencia de prensa por el jefe de Gabinete,&nbsp;Santiago Cafiero; y la titular de la Anses,&nbsp;Fernanda Raverta,&nbsp;<strong>alcanzar\u00e1, en total, a 7,1 millones de jubilados y pensionados y a 8,8 millones de j\u00f3venes que reciben asignaciones universales.<\/strong><\/p>\n\n\n\n<h3 class=\"wp-block-heading\"><strong>Esta&nbsp;ser\u00e1 el \u00faltima suba&nbsp;por decreto que se dicta sobre los haberes jubilatorios antes del tratamiento del proyecto de ley de Movilidad Jubilatoria que el Gobierno enviar\u00e1 en los pr\u00f3ximos d\u00edas al Congreso y que establece una nueva f\u00f3rmula de ajuste de jubilaciones.<\/strong><\/h3>\n\n\n\n<p>Con este incremento,<strong>&nbsp;el haber m\u00ednimo aumentar\u00e1 de $18.129 a $19.035; el medio, de $27.600 a $28.980; el m\u00e1ximo, de $121.990 a $128.089; la Pensi\u00f3n Universal para el Adulto Mayor (PUAM), de $14.503 a $15.228; las Pensiones no Contributivas (PNC), de $12.690 a $13.324, y la AUH, de $3.540 a $3.717.<\/strong><\/p>\n\n\n\n<p>\u00abHemos tomado la medida del aumento del 5% para las jubilaciones. Esto le da un incremento a las jubilaciones m\u00ednimas del 35,3% en lo que va del a\u00f1o. De este modo el 75% de los beneficios previsionales le ganan a la inflaci\u00f3n\u00bb,&nbsp;asegur\u00f3 Cafiero durante una conferencia de prensa en la Casa Rosada.<br><br>\u00abEstamos recomponiendo las perdidas de los haberes jubilatorios que se arrastraban desde 2018 y 2019 que, en t\u00e9rminos reales, fueron del 19% con la f\u00f3rmula del gobierno anterior\u00bb, agreg\u00f3 el Jefe de Gabinete.<\/p>\n\n\n\n<p>Por su parte, Raverta&nbsp; dijo que,&nbsp;<strong>\u00abcon el aumento anunciado, m\u00e1s el medio aguinaldo, la gran mayor\u00eda de los jubilados y pensionados van a estar cobrando unos $28.500\u00bb en diciembre.<\/strong><\/p>\n\n\n\n<p>\u00abTenemos mucha expectativa que el tratamiento parlamentario sea r\u00e1pido y en poder ya en marzo actualizar los haberes con un \u00edndice que le permita a los jubilados y jubiladas tener certeza de lo que va a pasar en el futuro\u00bb,&nbsp;afirm\u00f3 la directora de la Anses.<\/p>\n","protected":false},"excerpt":{"rendered":"<p>El Gobierno anunci\u00f3 una suba por decreto del 5% para los haberes jubilatorios y asignaciones en diciembre. De esta manera, la jubilaci\u00f3n m\u00ednima quedar\u00e1 en los $19.035 y el a\u00f1o culminar\u00e1 con un incremento del 35,5%.El aumento, anunciado en conferencia de prensa por el jefe de Gabinete,&nbsp;Santiago Cafiero; y la titular de la Anses,&nbsp;Fernanda Raverta,&nbsp;alcanzar\u00e1, &hellip;<\/p>\n","protected":false},"author":2,"featured_media":15701,"comment_status":"open","ping_status":"open","sticky":false,"template":"","format":"standard","meta":{"_jetpack_memberships_contains_paid_content":false,"footnotes":"","jetpack_publicize_message":"","jetpack_publicize_feature_enabled":true,"jetpack_social_post_already_shared":true,"jetpack_social_options":{"image_generator_settings":{"template":"highway","default_image_id":0,"font":"","enabled":false},"version":2}},"categories":[175,34],"tags":[],"class_list":["post-15700","post","type-post","status-publish","format-standard","has-post-thumbnail","hentry","category-economia","category-nacional"],"jetpack_publicize_connections":[],"jetpack_featured_media_url":"https:\/\/portalmovil.com.ar\/wp-content\/uploads\/2020\/11\/5fb5a8b52d56c_1004x565.jpg","jetpack_sharing_enabled":true,"amp_enabled":true,"_links":{"self":[{"href":"https:\/\/portalmovil.com.ar\/index.php\/wp-json\/wp\/v2\/posts\/15700","targetHints":{"allow":["GET"]}}],"collection":[{"href":"https:\/\/portalmovil.com.ar\/index.php\/wp-json\/wp\/v2\/posts"}],"about":[{"href":"https:\/\/portalmovil.com.ar\/index.php\/wp-json\/wp\/v2\/types\/post"}],"author":[{"embeddable":true,"href":"https:\/\/portalmovil.com.ar\/index.php\/wp-json\/wp\/v2\/users\/2"}],"replies":[{"embeddable":true,"href":"https:\/\/portalmovil.com.ar\/index.php\/wp-json\/wp\/v2\/comments?post=15700"}],"version-history":[{"count":2,"href":"https:\/\/portalmovil.com.ar\/index.php\/wp-json\/wp\/v2\/posts\/15700\/revisions"}],"predecessor-version":[{"id":15708,"href":"https:\/\/portalmovil.com.ar\/index.php\/wp-json\/wp\/v2\/posts\/15700\/revisions\/15708"}],"wp:featuredmedia":[{"embeddable":true,"href":"https:\/\/portalmovil.com.ar\/index.php\/wp-json\/wp\/v2\/media\/15701"}],"wp:attachment":[{"href":"https:\/\/portalmovil.com.ar\/index.php\/wp-json\/wp\/v2\/media?parent=15700"}],"wp:term":[{"taxonomy":"category","embeddable":true,"href":"https:\/\/portalmovil.com.ar\/index.php\/wp-json\/wp\/v2\/categories?post=15700"},{"taxonomy":"post_tag","embeddable":true,"href":"https:\/\/portalmovil.com.ar\/index.php\/wp-json\/wp\/v2\/tags?post=15700"}],"curies":[{"name":"wp","href":"https:\/\/api.w.org\/{rel}","templated":true}]}}