{"id":1569,"date":"2020-02-09T10:43:15","date_gmt":"2020-02-09T13:43:15","guid":{"rendered":"http:\/\/portalmovil.com.ar\/?p=1569"},"modified":"2020-02-09T10:43:21","modified_gmt":"2020-02-09T13:43:21","slug":"salta-murio-otra-nena-wichi-por-desnutricion","status":"publish","type":"post","link":"https:\/\/portalmovil.com.ar\/index.php\/2020\/02\/09\/salta-murio-otra-nena-wichi-por-desnutricion\/","title":{"rendered":"Salta: Muri\u00f3 otra nena wich\u00ed por desnutrici\u00f3n"},"content":{"rendered":"\n<p>La situaci\u00f3n alimentaria y de acceso al agua potable en varias comunidades de\u00a0Salta\u00a0es cr\u00edtica: el viernes falleci\u00f3 otra nena de la comunidad\u00a0wich\u00ed\u00a0por desnutrici\u00f3n, y la cifra alarmante ya asciende a siete ni\u00f1os que murieron por esa misma causa. <\/p>\n\n\n\n<p>La menor de cinco a\u00f1os que perdi\u00f3 la vida era de la comunidad Misi\u00f3n San Luis de Santa Victoria Este, municipio del noroeste de la provincia. Estaba internada, y presentaba un cuadro cr\u00edtico de v\u00f3mitos, diarrea y deshidrataci\u00f3n. Tras pasar 48 horas con fiebre, la nena falleci\u00f3 en el hospital en presencia de la ministra de Salud de la Provincia, Josefina Medrano. Sucede que la funcionaria, que es m\u00e9dica pediatra, hab\u00eda ingresado a la sala donde estaba internada la nena para revisarla. <\/p>\n\n\n\n<figure class=\"wp-block-image size-large\"><img loading=\"lazy\" decoding=\"async\" width=\"960\" height=\"640\" src=\"https:\/\/portalmovil.com.ar\/wp-content\/uploads\/2020\/02\/polish-20200124-073923920.jpg\" alt=\"\" class=\"wp-image-1570\" srcset=\"https:\/\/portalmovil.com.ar\/wp-content\/uploads\/2020\/02\/polish-20200124-073923920.jpg 960w, https:\/\/portalmovil.com.ar\/wp-content\/uploads\/2020\/02\/polish-20200124-073923920-300x200.jpg 300w, https:\/\/portalmovil.com.ar\/wp-content\/uploads\/2020\/02\/polish-20200124-073923920-768x512.jpg 768w\" sizes=\"auto, (max-width: 960px) 100vw, 960px\" \/><\/figure>\n\n\n\n<p>La v\u00edctima anterior, que muri\u00f3 el s\u00e1bado 25 de enero, era un nene de un a\u00f1o y nueve meses. Desde el Ministerio de Salud P\u00fablica de Salta informaron en esa oportunidad que el ni\u00f1o fallecido hab\u00eda sido llevado al m\u00e9dico por sus padres y que se encontraba en un estado general grave: presentaba un cuadro febril, deshidrataci\u00f3n severa, alteraciones del sensorio, llevaba diez d\u00edas con v\u00f3mitos y diarrea, y ten\u00eda una enfermedad de base, que era la desnutrici\u00f3n cr\u00f3nica.<\/p>\n\n\n\n<p>Antonio C\u00e9sar Villa, secretario de Relaciones Institucionales del municipio de Santa Victoria Este, y de origen diaguita calchaqu\u00ed, alert\u00f3 sobre la situaci\u00f3n de los pobladores de la zona en general. \u00abLo que m\u00e1s se dificulta es el acceso al agua. En este momento tenemos una sequ\u00eda que est\u00e1 devastando la regi\u00f3n, se nos est\u00e1n muriendo todos los animales que ni siquiera se pueden comer porque muchos de ellos est\u00e1n enfermos\u00bb, describi\u00f3 Villa a T\u00e9lam.Villa, que adem\u00e1s es coordinador de comunidades de diferentes municipios de la zona, advirti\u00f3 que el r\u00edo que nace en los cerros de Bolivia y marca la frontera con Argentina y el sur de Paraguay, \u00abse encuentra tapado en algunos lados por el lodo acumulado por inundaciones anteriores, las que hacen que a\u00f1o a a\u00f1o bajen aludes y se producen inundaciones cada vez m\u00e1s frecuentes, debido al desmonte sufrido\u00bb.<\/p>\n\n\n\n<p>El 27 de enero, Gustavo S\u00e1enz, gobernador de la provincia, declar\u00f3 la emergencia sociosanitaria en las ciudades de San Mart\u00edn, Rivadavia y Or\u00e1n. \u00abVamos a dirigir nuestros mayores esfuerzos para asistir de manera inmediata a los sectores m\u00e1s vulnerables con medidas y acciones prioritarias en b\u00fasqueda de soluciones superadoras que permanezcan en el tiempo\u00bb, anunci\u00f3 el mandatario.<\/p>\n\n\n\n<p>A principios de enero, el ministro de Desarrollo Social de la Naci\u00f3n, Daniel Arroyo, hab\u00eda viajado a la provincia para relevar la situaci\u00f3n y reunirse con los ministros provinciales. Luego se firm\u00f3 un convenio con el gobernador para adelantar la entrega de 65 mil tarjetas Alimentar para los primeros d\u00edas de febrero, y la entrega de m\u00f3dulos alimentarios con productos b\u00e1sicos.<\/p>\n\n\n\n<p>Por otro lado, se decidi\u00f3 acercar agua potable hacia los comunidades, dado que es uno de los problemas de base en esas localidades, se firm\u00f3 un convenio con el Ej\u00e9rcito para llevar una planta potabilizadora, y se abrir\u00e1n cien cisternas para la recolecci\u00f3n de agua de lluvia con ese fin.<\/p>\n\n\n\n<p>Adem\u00e1s de la falta de recursos de las familias, la falta de agua complica todo: la sequ\u00eda est\u00e1 devastando la regi\u00f3n y mata a los animales que ni siquiera sirven para ser alimentos.<\/p>\n","protected":false},"excerpt":{"rendered":"<p>La situaci\u00f3n alimentaria y de acceso al agua potable en varias comunidades de\u00a0Salta\u00a0es cr\u00edtica: el viernes falleci\u00f3 otra nena de la comunidad\u00a0wich\u00ed\u00a0por desnutrici\u00f3n, y la cifra alarmante ya asciende a siete ni\u00f1os que murieron por esa misma causa. La menor de cinco a\u00f1os que perdi\u00f3 la vida era de la comunidad Misi\u00f3n San Luis de &hellip;<\/p>\n","protected":false},"author":2,"featured_media":1571,"comment_status":"open","ping_status":"open","sticky":false,"template":"","format":"standard","meta":{"_jetpack_memberships_contains_paid_content":false,"footnotes":"","jetpack_publicize_message":"","jetpack_publicize_feature_enabled":true,"jetpack_social_post_already_shared":true,"jetpack_social_options":{"image_generator_settings":{"template":"highway","default_image_id":0,"font":"","enabled":false},"version":2}},"categories":[46],"tags":[],"class_list":["post-1569","post","type-post","status-publish","format-standard","has-post-thumbnail","hentry","category-salud"],"jetpack_publicize_connections":[],"jetpack_featured_media_url":"https:\/\/portalmovil.com.ar\/wp-content\/uploads\/2020\/02\/0004521413.jpg","jetpack_sharing_enabled":true,"amp_enabled":true,"_links":{"self":[{"href":"https:\/\/portalmovil.com.ar\/index.php\/wp-json\/wp\/v2\/posts\/1569","targetHints":{"allow":["GET"]}}],"collection":[{"href":"https:\/\/portalmovil.com.ar\/index.php\/wp-json\/wp\/v2\/posts"}],"about":[{"href":"https:\/\/portalmovil.com.ar\/index.php\/wp-json\/wp\/v2\/types\/post"}],"author":[{"embeddable":true,"href":"https:\/\/portalmovil.com.ar\/index.php\/wp-json\/wp\/v2\/users\/2"}],"replies":[{"embeddable":true,"href":"https:\/\/portalmovil.com.ar\/index.php\/wp-json\/wp\/v2\/comments?post=1569"}],"version-history":[{"count":1,"href":"https:\/\/portalmovil.com.ar\/index.php\/wp-json\/wp\/v2\/posts\/1569\/revisions"}],"predecessor-version":[{"id":1572,"href":"https:\/\/portalmovil.com.ar\/index.php\/wp-json\/wp\/v2\/posts\/1569\/revisions\/1572"}],"wp:featuredmedia":[{"embeddable":true,"href":"https:\/\/portalmovil.com.ar\/index.php\/wp-json\/wp\/v2\/media\/1571"}],"wp:attachment":[{"href":"https:\/\/portalmovil.com.ar\/index.php\/wp-json\/wp\/v2\/media?parent=1569"}],"wp:term":[{"taxonomy":"category","embeddable":true,"href":"https:\/\/portalmovil.com.ar\/index.php\/wp-json\/wp\/v2\/categories?post=1569"},{"taxonomy":"post_tag","embeddable":true,"href":"https:\/\/portalmovil.com.ar\/index.php\/wp-json\/wp\/v2\/tags?post=1569"}],"curies":[{"name":"wp","href":"https:\/\/api.w.org\/{rel}","templated":true}]}}