{"id":15679,"date":"2020-11-18T12:23:21","date_gmt":"2020-11-18T15:23:21","guid":{"rendered":"https:\/\/portalmovil.com.ar\/?p=15679"},"modified":"2020-11-18T12:25:04","modified_gmt":"2020-11-18T15:25:04","slug":"nacion-dara-un-aumento-para-todos-los-jubilados-en-diciembre","status":"publish","type":"post","link":"https:\/\/portalmovil.com.ar\/index.php\/2020\/11\/18\/nacion-dara-un-aumento-para-todos-los-jubilados-en-diciembre\/","title":{"rendered":"Naci\u00f3n dar\u00e1 un aumento para todos los jubilados en diciembre"},"content":{"rendered":"\n<p>El presidente Alberto Fern\u00e1ndez afirm\u00f3 este mi\u00e9rcoles que \u00aben diciembre habr\u00e1 una correcci\u00f3n de las jubilaciones\u00bb y asever\u00f3 que la pretensi\u00f3n es que \u00abno\u00bb queden \u00abpor debajo de la inflaci\u00f3n\u00bb.<\/p>\n\n\n\n<p>\u00abSomos conscientes de que tenemos que hacerlo. Lo estamos viendo, la idea es hacer un aumento para todos. Estamos trabajando en eso. Hay un aumento previsto para todos en diciembre\u00bb, anticip\u00f3 el mandatario en declaraciones formuladas esta ma\u00f1ana al canal <strong><em>A24<\/em><\/strong>.<\/p>\n\n\n\n<p>\u00abLa idea es hacer un aumento para todos. Tenemos que hacer algo sustentable\u00bb, dijo y sigui\u00f3:\u00a0\u00abCon la\u00a0f\u00f3rmula\u00a0que estamos proponiendo hoy los jubilados ganaron un 20%.\u00a0La que estamos dejando de lado, que es la del macrismo, los hizo perder un 19%\u00bb.<\/p>\n\n\n\n<p>La propuesta de movilidad jubilatoria del Gobierno establece, espec\u00edficamente, que\u00a0las subas de haberes se determinar\u00e1n a partir del 2021 por la evoluci\u00f3n de los salarios de los trabajadores y la recaudaci\u00f3n impositiva, incluidos los recursos a la seguridad social. Es decir, se excluye de la f\u00f3rmula la variable inflaci\u00f3n que hab\u00eda introducido el gobierno de Cambiemos.<\/p>\n\n\n\n<p>La decisi\u00f3n de aplicar la f\u00f3rmula del gobierno de CFK basada en los \u00edndices de salarios (50%) y recaudaci\u00f3n (50%) fue adoptada en una reuni\u00f3n telem\u00e1tica que se realiz\u00f3 en el Ministerio de Econom\u00eda entre los miembros del oficialismo que conforman la\u00a0Comisi\u00f3n Bicameral Mixta de Movilidad Previsional.<\/p>\n\n\n\n<p>Adem\u00e1s,<strong>\u00a0se modifica la periodicidad de los aumentos.\u00a0<\/strong>El Gobierno propone con la nueva movilidad jubilatoria que la subas vuelvan a ser semestrales, en lugar de trimestrales como lo estableci\u00f3 el gobierno anterior en 2018.<\/p>\n\n\n\n<p>Oficialmente, se confirm\u00f3 que \u00abla f\u00f3rmula que se propone es sustancialmente la misma a la sancionada en el a\u00f1o 2008 y que result\u00f3 en una mejora sostenida en el poder adquisitivo de los jubilados y jubiladas hasta el a\u00f1o 2015\u00bb.<\/p>\n\n\n\n<p>ph: Jorge Tello<\/p>\n","protected":false},"excerpt":{"rendered":"<p>El presidente Alberto Fern\u00e1ndez afirm\u00f3 este mi\u00e9rcoles que \u00aben diciembre habr\u00e1 una correcci\u00f3n de las jubilaciones\u00bb y asever\u00f3 que la pretensi\u00f3n es que \u00abno\u00bb queden \u00abpor debajo de la inflaci\u00f3n\u00bb. \u00abSomos conscientes de que tenemos que hacerlo. Lo estamos viendo, la idea es hacer un aumento para todos. Estamos trabajando en eso. Hay un aumento &hellip;<\/p>\n","protected":false},"author":2,"featured_media":11188,"comment_status":"open","ping_status":"open","sticky":false,"template":"","format":"standard","meta":{"_jetpack_memberships_contains_paid_content":false,"footnotes":"","jetpack_publicize_message":"","jetpack_publicize_feature_enabled":true,"jetpack_social_post_already_shared":true,"jetpack_social_options":{"image_generator_settings":{"template":"highway","default_image_id":0,"font":"","enabled":false},"version":2}},"categories":[175,34],"tags":[],"class_list":["post-15679","post","type-post","status-publish","format-standard","has-post-thumbnail","hentry","category-economia","category-nacional"],"jetpack_publicize_connections":[],"jetpack_featured_media_url":"https:\/\/portalmovil.com.ar\/wp-content\/uploads\/2020\/08\/92366702_2470555413256482_8825231158380855296_o.jpg","jetpack_sharing_enabled":true,"amp_enabled":true,"_links":{"self":[{"href":"https:\/\/portalmovil.com.ar\/index.php\/wp-json\/wp\/v2\/posts\/15679","targetHints":{"allow":["GET"]}}],"collection":[{"href":"https:\/\/portalmovil.com.ar\/index.php\/wp-json\/wp\/v2\/posts"}],"about":[{"href":"https:\/\/portalmovil.com.ar\/index.php\/wp-json\/wp\/v2\/types\/post"}],"author":[{"embeddable":true,"href":"https:\/\/portalmovil.com.ar\/index.php\/wp-json\/wp\/v2\/users\/2"}],"replies":[{"embeddable":true,"href":"https:\/\/portalmovil.com.ar\/index.php\/wp-json\/wp\/v2\/comments?post=15679"}],"version-history":[{"count":2,"href":"https:\/\/portalmovil.com.ar\/index.php\/wp-json\/wp\/v2\/posts\/15679\/revisions"}],"predecessor-version":[{"id":15681,"href":"https:\/\/portalmovil.com.ar\/index.php\/wp-json\/wp\/v2\/posts\/15679\/revisions\/15681"}],"wp:featuredmedia":[{"embeddable":true,"href":"https:\/\/portalmovil.com.ar\/index.php\/wp-json\/wp\/v2\/media\/11188"}],"wp:attachment":[{"href":"https:\/\/portalmovil.com.ar\/index.php\/wp-json\/wp\/v2\/media?parent=15679"}],"wp:term":[{"taxonomy":"category","embeddable":true,"href":"https:\/\/portalmovil.com.ar\/index.php\/wp-json\/wp\/v2\/categories?post=15679"},{"taxonomy":"post_tag","embeddable":true,"href":"https:\/\/portalmovil.com.ar\/index.php\/wp-json\/wp\/v2\/tags?post=15679"}],"curies":[{"name":"wp","href":"https:\/\/api.w.org\/{rel}","templated":true}]}}