{"id":15654,"date":"2020-11-18T07:52:24","date_gmt":"2020-11-18T10:52:24","guid":{"rendered":"https:\/\/portalmovil.com.ar\/?p=15654"},"modified":"2020-11-18T07:52:27","modified_gmt":"2020-11-18T10:52:27","slug":"impuesto-a-la-riqueza-se-aprobo-el-proyecto-en-diputados-y-ahora-pasa-al-senado","status":"publish","type":"post","link":"https:\/\/portalmovil.com.ar\/index.php\/2020\/11\/18\/impuesto-a-la-riqueza-se-aprobo-el-proyecto-en-diputados-y-ahora-pasa-al-senado\/","title":{"rendered":"Impuesto a la riqueza: se aprob\u00f3 el proyecto en Diputados y ahora pasa al Senado"},"content":{"rendered":"\n<p>La C\u00e1mara de Diputados aprob\u00f3 y envi\u00f3 al Senado el proyecto de Ley que establece la creaci\u00f3n de un Aporte Solidario y Extraordinario para los patrimonios superiores a los 200 millones de pesos, con el fin de recaudar $300 mil millones para volcar a planes productivos y sanitarios.<\/p>\n\n\n\n<p>Tras un debate de trece horas -se inici\u00f3 a las 14,30 del martes-, el oficialismo consigui\u00f3 133 votos para aprobar el proyecto con el apoyo de representantes de bloques provinciales.<\/p>\n\n\n\n<p>En tanto que Juntos por el Cambio encolumn\u00f3 a 115 diputados detr\u00e1s del rechazo, entre ellos la representante del Movimiento Popular Neuquino y la lavagnista Graciela Cama\u00f1o.<\/p>\n\n\n\n<p>Los dos diputados de la Izquierda se abstuvieron al momento de votar, en tanto que se registraron cinco ausencias.<\/p>\n\n\n\n<p>El primer tramo la sesi\u00f3n fue conducida por el vicepresidente de la C\u00e1mara baja, Alvaro Gonz\u00e1lez (PRO), pero a las 21 se incorpor\u00f3 el presidente del cuerpo, Sergio Massa, luego de que los m\u00e9dicos consideraran que no deb\u00eda seguir el aislamiento debido a que el hisopado que le hicieron a un miembro del FMI con el que hab\u00eda estado en contacto finalmente dio negativo en coronavirus.<\/p>\n\n\n\n<p>El proyecto de Aporte Solidario y Extraordinario alcanzar\u00eda a menos de 10 mil personas, seg\u00fan la AFIP, es decir 0,8% del total de los contribuyentes que presentaron declaraci\u00f3n jurada de bienes personales.<\/p>\n\n\n\n<p>La recaudaci\u00f3n se destinar\u00e1 a comprar equipamiento de salud para atender la pandemia, apoyar a las PyMEs con subsidios y cr\u00e9ditos, urbanizar los barrios populares con obras que empleen a las\/os vecinas\/os de cada barrio, hacer obras y equipar a YPF para producir y envasar gas natural y financiar un relanzamiento del plan Progresar para que las\/os j\u00f3venes puedan seguir estudiando.<\/p>\n\n\n\n<p>A lo largo del debate los legisladores oficialistas defendieron el proyecto con el argumento de reforzar las arcas p\u00fablicas debido a la ca\u00edda de la recaudaci\u00f3n, y la necesidad de asistir al sistema sanitario y productivo, mientras desde la oposici\u00f3n sostuvieron que es un \u00abimpuesto confiscatorio\u00bb.<\/p>\n\n\n\n<p>Al abrir el debate, el presidente de la Comisi\u00f3n de Presupuesto, Carlos Heller (FdT), dijo que \u00abno somos hinchas del d\u00e9ficit sino que somos enemigos del ajuste\u00bb.<\/p>\n\n\n\n<p>Tras reiterar el car\u00e1cter \u00absolidario y extraordinario de la iniciativa\u00bb, el diputado puso de relieve que el pa\u00eds est\u00e1 \u00abante una situaci\u00f3n de emergencia\u00bb y se pretende con el aporte \u00abalcanzar a aquellas personas que son titulares de grandes fortunas\u00bb para \u00abmorigerar\u00bb en los sectores m\u00e1s vulnerables \u00ablos efectos de la pandemia\u00bb.<\/p>\n\n\n\n<p>Su compa\u00f1era de bloque y titular de la Comisi\u00f3n de Finanzas, Fernanda Vallejos, asegur\u00f3 que el proyecto representa \u00abun intento de paliar en algo los vergonzantes niveles de injusticia que lastiman a nuestra sociedad\u00bb.<\/p>\n\n\n\n<p>Desde la oposici\u00f3n, el vicepresidente de la Comisi\u00f3n de Presupuesto, Luciano Laspina (PRO), en su discurso adelant\u00f3 el rechazo de Juntos por el Cambio.<\/p>\n\n\n\n<p>Dijo que se trata de \u00abun impuesto a la inversi\u00f3n en la Argentina\u00bb.<\/p>\n\n\n\n<p>En la misma l\u00ednea se expres\u00f3 el radical Luis Pastori, quien justific\u00f3 su rechazo al afirmar que se trata de una iniciativa con un \u00absesgo claramente antiempresa y antiinversiones\u00bb.<\/p>\n\n\n\n<p>El titular del bloque de Consenso Federal, Alejandro &#8216;Topo&#8217; Rodr\u00edguez, adelant\u00f3 el voto favorable de la mayor\u00eda de su bancada pero dijo que \u00abno ser\u00eda completo si a la par no discuti\u00e9semos de inmediato, antes de fin de a\u00f1o, un impulso para los verdaderos generadores de empleo que son las pymes\u00bb.<\/p>\n\n\n\n<p>Mientras, su compa\u00f1era de bloque Graciela Cama\u00f1o rechaz\u00f3 el proyecto por considerar que \u00abdesalienta las inversiones privadas y genera inseguridad jur\u00eddica y desconfianza en el pa\u00eds\u00bb.<\/p>\n\n\n\n<p>Alma Sapag (Movimiento Popular Neuquino) anticip\u00f3 tambi\u00e9n su rechazo por considerar que \u00abvuelve a gravar la misma capacidad contributiva\u00bb, y cuestion\u00f3 que \u00abla recaudaci\u00f3n de este impuesto, como debe ser llamado en realidad, no sea coparticipable\u00bb.<\/p>\n\n\n\n<p>La diputada del Frente de Izquierda Romina Del Pl\u00e1 expres\u00f3 el rechazo de su espacio al proyecto porque \u00abno se trata de una verdadera recaudaci\u00f3n o afectaci\u00f3n a las grandes fortunas de algunos ricos\u00bb.<\/p>\n\n\n\n<p>En el cierre de la jornada, el presidente del interbloque Juntos por el Cambio, Mario Negri, insisti\u00f3 en llamar al Aporte Solidario y Extraordinario como un \u00abimpuesto\u00bb y consider\u00f3 que \u00abes ineficaz por m\u00e1s que tenga un nombre bonito, y por m\u00e1s que sea \u00e9pico\u00bb.<\/p>\n\n\n\n<p>Por su parte, el presidente del bloque del Frente de Todos, M\u00e1ximo Kirchner, que se retir\u00f3 del Congreso por haber estado en contacto cercano con un portador de Coronavirus, expres\u00f3 v\u00eda Zoom: \u00abLos argentinos y argentinas necesitamos encontrar un punto de equilibrio y acuerdo. Necesitamos del sector privado y del sector p\u00fablico invirtiendo juntos. Se trata de encontrar entre todos y todas una salida en com\u00fan\u00bb.<\/p>\n","protected":false},"excerpt":{"rendered":"<p>La C\u00e1mara de Diputados aprob\u00f3 y envi\u00f3 al Senado el proyecto de Ley que establece la creaci\u00f3n de un Aporte Solidario y Extraordinario para los patrimonios superiores a los 200 millones de pesos, con el fin de recaudar $300 mil millones para volcar a planes productivos y sanitarios. Tras un debate de trece horas -se &hellip;<\/p>\n","protected":false},"author":2,"featured_media":15655,"comment_status":"open","ping_status":"open","sticky":false,"template":"","format":"standard","meta":{"_jetpack_memberships_contains_paid_content":false,"footnotes":"","jetpack_publicize_message":"","jetpack_publicize_feature_enabled":true,"jetpack_social_post_already_shared":true,"jetpack_social_options":{"image_generator_settings":{"template":"highway","default_image_id":0,"font":"","enabled":false},"version":2}},"categories":[34,12],"tags":[],"class_list":["post-15654","post","type-post","status-publish","format-standard","has-post-thumbnail","hentry","category-nacional","category-ultimo"],"jetpack_publicize_connections":[],"jetpack_featured_media_url":"https:\/\/portalmovil.com.ar\/wp-content\/uploads\/2020\/11\/d43ef643-fafa-409e-8cc6-76911efe00e1.jpg","jetpack_sharing_enabled":true,"amp_enabled":true,"_links":{"self":[{"href":"https:\/\/portalmovil.com.ar\/index.php\/wp-json\/wp\/v2\/posts\/15654","targetHints":{"allow":["GET"]}}],"collection":[{"href":"https:\/\/portalmovil.com.ar\/index.php\/wp-json\/wp\/v2\/posts"}],"about":[{"href":"https:\/\/portalmovil.com.ar\/index.php\/wp-json\/wp\/v2\/types\/post"}],"author":[{"embeddable":true,"href":"https:\/\/portalmovil.com.ar\/index.php\/wp-json\/wp\/v2\/users\/2"}],"replies":[{"embeddable":true,"href":"https:\/\/portalmovil.com.ar\/index.php\/wp-json\/wp\/v2\/comments?post=15654"}],"version-history":[{"count":1,"href":"https:\/\/portalmovil.com.ar\/index.php\/wp-json\/wp\/v2\/posts\/15654\/revisions"}],"predecessor-version":[{"id":15656,"href":"https:\/\/portalmovil.com.ar\/index.php\/wp-json\/wp\/v2\/posts\/15654\/revisions\/15656"}],"wp:featuredmedia":[{"embeddable":true,"href":"https:\/\/portalmovil.com.ar\/index.php\/wp-json\/wp\/v2\/media\/15655"}],"wp:attachment":[{"href":"https:\/\/portalmovil.com.ar\/index.php\/wp-json\/wp\/v2\/media?parent=15654"}],"wp:term":[{"taxonomy":"category","embeddable":true,"href":"https:\/\/portalmovil.com.ar\/index.php\/wp-json\/wp\/v2\/categories?post=15654"},{"taxonomy":"post_tag","embeddable":true,"href":"https:\/\/portalmovil.com.ar\/index.php\/wp-json\/wp\/v2\/tags?post=15654"}],"curies":[{"name":"wp","href":"https:\/\/api.w.org\/{rel}","templated":true}]}}