{"id":15638,"date":"2020-11-17T17:49:31","date_gmt":"2020-11-17T20:49:31","guid":{"rendered":"https:\/\/portalmovil.com.ar\/?p=15638"},"modified":"2020-11-17T17:49:33","modified_gmt":"2020-11-17T20:49:33","slug":"fernandez-sobre-el-aborto-que-sea-ley","status":"publish","type":"post","link":"https:\/\/portalmovil.com.ar\/index.php\/2020\/11\/17\/fernandez-sobre-el-aborto-que-sea-ley\/","title":{"rendered":"Fern\u00e1ndez sobre el aborto: \u00abQue sea ley\u00bb"},"content":{"rendered":"\n<p>Querido Pueblo Argentino:<\/p>\n\n\n\n<p>Desde hace mucho tiempo vengo planteando la necesidad de que la palabra empe\u00f1ada recupere su valor en la pol\u00edtica argentina. Esa palabra que empe\u00f1o es siempre la expresi\u00f3n de mis m\u00e1s firmes convicciones, aquellas que me gu\u00edan y conducen permanentemente.<\/p>\n\n\n\n<p>A lo largo de toda la campa\u00f1a electoral, al momento de asumir esta Presidencia y al dar inicio a este per\u00edodo parlamentario, tom\u00e9 un compromiso ante ustedes que hoy vengo a cumplir.<\/p>\n\n\n\n<p>He enviado al Congreso de la Naci\u00f3n para su tratamiento, dos proyectos de ley para que todas las mujeres accedan al derecho a la salud integral.<\/p>\n\n\n\n<p>El primero de ellos legaliza la interrupci\u00f3n voluntaria del embarazo y garantiza que el sistema de salud permita su realizaci\u00f3n en condiciones sanitarias que aseguren su salud y su vida.<\/p>\n\n\n\n<p>El segundo, instituye el Programa de los Mil D\u00edas, con el objeto de fortalecer la atenci\u00f3n integral de la salud de la mujer durante el embarazo y de sus hijos e hijas en los primeros a\u00f1os de vida.<\/p>\n\n\n\n<p>Mi convicci\u00f3n, que siempre he expresado p\u00fablicamente, es que el Estado acompa\u00f1e a todas las personas gestantes en sus proyectos de maternidad. Pero tambi\u00e9n estoy convencido que es responsabilidad del Estado cuidar la vida y la salud de quienes deciden interrumpir su embarazo durante los primeros momentos de su desarrollo.<\/p>\n\n\n\n<p>La criminalizaci\u00f3n del aborto de nada ha servido. Solo ha permitido que los abortos ocurran clandestinamente en cifras preocupantes. Cada a\u00f1o se hospitalizan alrededor de 38.000 mujeres por abortos y desde la recuperaci\u00f3n de la democracia murieron m\u00e1s de 3.000 mujeres por esa causa.<\/p>\n\n\n\n<p>La legalizaci\u00f3n del aborto salva vidas de mujeres y preserva sus capacidades reproductivas, muchas veces afectadas por abortos inseguros. No aumenta la cantidad de abortos ni los promueve. Solo resuelve un problema que afecta a la salud p\u00fablica.<\/p>\n\n\n\n<p>La legalizaci\u00f3n del aborto permite adem\u00e1s, c\u00f3mo ocurri\u00f3 en Ciudad de M\u00e9xico y Uruguay, que disminuyan los abortos y las muertes que ellos causan. Brindando cobertura en el sistema de salud tambi\u00e9n se facilita el acceso a m\u00e9todos anticonceptivos para prevenir embarazos no intencionales.<\/p>\n\n\n\n<p>La legalizaci\u00f3n del aborto no implica una carga extra para el sistema de salud. Los procedimientos validados y que se utilizan con est\u00e1ndares de la OMS, son en su mayor\u00eda ambulatorios, no quir\u00fargicos y farmacol\u00f3gicos.<\/p>\n\n\n\n<p>El debate no es decirle si o no al aborto. Los abortos ocurren en forma clandestina y ponen en riesgo la salud y la vida de las mujeres que a ellos se someten. Por lo tanto, el dilema que debemos superar es si los abortos se practican en la clandestinidad o en el sistema de salud argentino.<\/p>\n\n\n\n<p>Las mujeres m\u00e1s vulnerables y en situaci\u00f3n de pobreza son las mayores v\u00edctimas de nuestro sistema legal. Ellas deben someterse a pr\u00e1cticas inseguras por no poder costear lo que un aborto implica. Muchas de ellas mueren en el intento o quedan afectadas en su salud por siempre.<\/p>\n\n\n\n<p>Por otra parte, el Programa de los Mil D\u00edas busca bajar la mortalidad, malnutrici\u00f3n y desnutrici\u00f3n, adem\u00e1s de prevenir la violencia protegiendo los v\u00ednculos tempranos, el desarrollo emocional y f\u00edsico y la salud de manera integral de las personas gestantes y de sus hijos e hijas hasta los 3 a\u00f1os de vida.<\/p>\n\n\n\n<p>Este proyecto establece una nueva asignaci\u00f3n por Cuidado de Salud Integral que consiste en el pago de una Asignaci\u00f3n Universal por Hijo a pagarse una vez por a\u00f1o para ayudar al cuidado de cada ni\u00f1o o ni\u00f1a menor de tres a\u00f1os.<\/p>\n\n\n\n<p>Tambi\u00e9n se extiende el pago de la Asignaci\u00f3n Universal por Embarazo (AUE). Hasta la fecha se perciben 6 mensualidades; con este proyecto se extiende a 9 mensualidades, abarcando la totalidad del embarazo.<\/p>\n\n\n\n<p>Finalmente, se ampl\u00eda el pago por Nacimiento y por Adopci\u00f3n a las personas beneficiarias de la Asignaci\u00f3n Universal por Hijo (AUH) que hasta ahora estaban excluidas de este beneficio.<\/p>\n\n\n\n<p>Se preve asimismo la provisi\u00f3n p\u00fablica y gratuita de insumos esenciales durante el embarazo y tambi\u00e9n para la primera infancia, coordinando y ampliando los programas existentes.<\/p>\n\n\n\n<p>De este modo, buscamos establecer un abordaje especial para la detecci\u00f3n oportuna de riesgos durante el embarazo, tal como el caso de presunci\u00f3n de trombofilia. Para estos casos se prev\u00e9 el acceso gratuito a estudios diagn\u00f3sticos y un modelo de atenci\u00f3n espec\u00edfica.<\/p>\n\n\n\n<p>Aprovechamos tambi\u00e9n, para crear el Sistema de Alerta Temprana de Nacimientos y el Certificado de Hechos Vitales con el objeto de garantizar el derecho a la identidad de las ni\u00f1as y ni\u00f1os reci\u00e9n nacidos. El DNI es una herramienta central para el ejercicio efectivo de derechos.<\/p>\n\n\n\n<p>Finalmente, se proponen pol\u00edticas prioritarias de genero fundamentales para prevenir y detectar de manera temprana situaciones de violencia de g\u00e9nero y violencia sexual o abusos en personas embarazadas, ni\u00f1os, ni\u00f1as y adolescentes.<\/p>\n\n\n\n<p>Cumplo as\u00ed con mi compromiso de enviar ambos proyectos de ley para su debate parlamentario siguiendo las reglas constitucionales. Propongo un debate franco que se desarrolle en el marco del di\u00e1logo democr\u00e1tico.<\/p>\n\n\n\n<p>Finalmente les pido, como Presidente de todos los argentinos y argentinas, que cuidemos el respeto hacia quien piensa de una manera distinta a la propia. Las diferencias nos hacen una sociedad plural y enriquecen la democracia que tanto esfuerzo nos cost\u00f3 consolidar.<\/p>\n\n\n\n<p>Por convicci\u00f3n personal, estoy seguro que estamos dando respuesta a una realidad que afecta a la salud p\u00fablica y que con ello estamos ampliando derechos en una sociedad que as\u00ed lo demanda.<\/p>\n\n\n\n<p><strong>Que sea ley.<\/strong><\/p>\n\n\n\n<p>Muchas gracias<\/p>\n","protected":false},"excerpt":{"rendered":"<p>Querido Pueblo Argentino: Desde hace mucho tiempo vengo planteando la necesidad de que la palabra empe\u00f1ada recupere su valor en la pol\u00edtica argentina. Esa palabra que empe\u00f1o es siempre la expresi\u00f3n de mis m\u00e1s firmes convicciones, aquellas que me gu\u00edan y conducen permanentemente. A lo largo de toda la campa\u00f1a electoral, al momento de asumir &hellip;<\/p>\n","protected":false},"author":2,"featured_media":15639,"comment_status":"open","ping_status":"open","sticky":false,"template":"","format":"standard","meta":{"_jetpack_memberships_contains_paid_content":false,"footnotes":"","jetpack_publicize_message":"","jetpack_publicize_feature_enabled":true,"jetpack_social_post_already_shared":true,"jetpack_social_options":{"image_generator_settings":{"template":"highway","default_image_id":0,"font":"","enabled":false},"version":2}},"categories":[34,14],"tags":[],"class_list":["post-15638","post","type-post","status-publish","format-standard","has-post-thumbnail","hentry","category-nacional","category-politica"],"jetpack_publicize_connections":[],"jetpack_featured_media_url":"https:\/\/portalmovil.com.ar\/wp-content\/uploads\/2020\/11\/fernandez-e1577813047316-500x318-1.jpg","jetpack_sharing_enabled":true,"amp_enabled":true,"_links":{"self":[{"href":"https:\/\/portalmovil.com.ar\/index.php\/wp-json\/wp\/v2\/posts\/15638","targetHints":{"allow":["GET"]}}],"collection":[{"href":"https:\/\/portalmovil.com.ar\/index.php\/wp-json\/wp\/v2\/posts"}],"about":[{"href":"https:\/\/portalmovil.com.ar\/index.php\/wp-json\/wp\/v2\/types\/post"}],"author":[{"embeddable":true,"href":"https:\/\/portalmovil.com.ar\/index.php\/wp-json\/wp\/v2\/users\/2"}],"replies":[{"embeddable":true,"href":"https:\/\/portalmovil.com.ar\/index.php\/wp-json\/wp\/v2\/comments?post=15638"}],"version-history":[{"count":1,"href":"https:\/\/portalmovil.com.ar\/index.php\/wp-json\/wp\/v2\/posts\/15638\/revisions"}],"predecessor-version":[{"id":15640,"href":"https:\/\/portalmovil.com.ar\/index.php\/wp-json\/wp\/v2\/posts\/15638\/revisions\/15640"}],"wp:featuredmedia":[{"embeddable":true,"href":"https:\/\/portalmovil.com.ar\/index.php\/wp-json\/wp\/v2\/media\/15639"}],"wp:attachment":[{"href":"https:\/\/portalmovil.com.ar\/index.php\/wp-json\/wp\/v2\/media?parent=15638"}],"wp:term":[{"taxonomy":"category","embeddable":true,"href":"https:\/\/portalmovil.com.ar\/index.php\/wp-json\/wp\/v2\/categories?post=15638"},{"taxonomy":"post_tag","embeddable":true,"href":"https:\/\/portalmovil.com.ar\/index.php\/wp-json\/wp\/v2\/tags?post=15638"}],"curies":[{"name":"wp","href":"https:\/\/api.w.org\/{rel}","templated":true}]}}