{"id":1563,"date":"2020-02-09T10:30:38","date_gmt":"2020-02-09T13:30:38","guid":{"rendered":"http:\/\/portalmovil.com.ar\/?p=1563"},"modified":"2020-02-09T10:30:56","modified_gmt":"2020-02-09T13:30:56","slug":"felipe-sola-aseguro-que-no-hay-presos-politicos-y-julio-de-vido-lo-critico","status":"publish","type":"post","link":"https:\/\/portalmovil.com.ar\/index.php\/2020\/02\/09\/felipe-sola-aseguro-que-no-hay-presos-politicos-y-julio-de-vido-lo-critico\/","title":{"rendered":"Felipe Sol\u00e1 asegur\u00f3 que \u201cno hay presos pol\u00edticos\u201d y Julio De Vido lo critic\u00f3"},"content":{"rendered":"\n<p>El canciller argentino\u00a0<strong>Felipe Sol\u00e1<\/strong>\u00a0fue consultado sobre si hay presos pol\u00edticos en el pa\u00eds y respald\u00f3 al\u00a0jefe de Gabinete,\u00a0<strong>Santiago Cafiero<\/strong>, tras sus diferencias p\u00fablicas con\u00a0la ministra de las Mujeres, G\u00e9neros y Diversidad,\u00a0<strong>Elizabeth G\u00f3mez Alcorta.<\/strong><\/p>\n\n\n\n<p>\u201c<strong>En Argentina hay presos que la Justicia podr\u00eda no tener presos pero es una decisi\u00f3n del Poder Judicial<\/strong>, un poder independiente del Ejecutivo. Hay casos de encarcelamiento que no est\u00e1n en debido proceso y est\u00e1n presos por su relevancia\u201d, respondi\u00f3.<\/p>\n\n\n\n<figure class=\"wp-block-image\"><img decoding=\"async\" src=\"https:\/\/viapais.com.ar\/files\/2020\/02\/20200208203107_7492713_1_body-768x512.jpg\" alt=\"(Felipe Sola: EFE\/ Juan Ignacio Roncoroni)\"\/><\/figure>\n\n\n\n<p><em>(Felipe Sola: EFE\/ Juan Ignacio Roncoroni)<\/em><\/p>\n\n\n\n<p>Y diferenci\u00f3:&nbsp;\u201c<strong>Pero los presos pol\u00edticos son aquellos opositores a los que se ponen en la c\u00e1rcel para hacerlos callar o sacarlos del juego pol\u00edtico<\/strong>\u201c.<\/p>\n\n\n\n<p>Luego de sus dichos,&nbsp;<strong>Julio De Vido<\/strong>, el exfuncionario que cumple arresto domiciliario cuestion\u00f3 al canciller por su argumento.&nbsp;\u201c<strong>Todos tenemos historia compa\u00f1ero, respetemos a Cristina (Kirchner) y a todos los perseguidos y presos pol\u00edticos ya que no nos liberan del yugo macrista, por lo menos, resp\u00e9tennos<\/strong>\u201c, escribi\u00f3 en su cuenta de Twitter.<\/p>\n\n\n\n<figure class=\"wp-block-image\"><img decoding=\"async\" src=\"https:\/\/viapais.com.ar\/files\/2019\/12\/20191214015051_40604789_0_body-768x501.jpg\" alt=\"Julio De Vido. (Foto: Web)\"\/><\/figure>\n\n\n\n<p><em>Julio De Vido. (Foto: Web)<\/em><\/p>\n\n\n\n<p>Y a\u00f1adi\u00f3: \u201c<strong>Vos eras gobernador cuando la bonaerense mat\u00f3 a Kosteki y Santill\u00e1n, crimen que est\u00e1 impune pol\u00edticamente<\/strong>\u201c.<\/p>\n","protected":false},"excerpt":{"rendered":"<p>El canciller argentino\u00a0Felipe Sol\u00e1\u00a0fue consultado sobre si hay presos pol\u00edticos en el pa\u00eds y respald\u00f3 al\u00a0jefe de Gabinete,\u00a0Santiago Cafiero, tras sus diferencias p\u00fablicas con\u00a0la ministra de las Mujeres, G\u00e9neros y Diversidad,\u00a0Elizabeth G\u00f3mez Alcorta. \u201cEn Argentina hay presos que la Justicia podr\u00eda no tener presos pero es una decisi\u00f3n del Poder Judicial, un poder independiente del &hellip;<\/p>\n","protected":false},"author":2,"featured_media":1564,"comment_status":"open","ping_status":"open","sticky":false,"template":"","format":"standard","meta":{"_jetpack_memberships_contains_paid_content":false,"footnotes":"","jetpack_publicize_message":"","jetpack_publicize_feature_enabled":true,"jetpack_social_post_already_shared":true,"jetpack_social_options":{"image_generator_settings":{"template":"highway","default_image_id":0,"font":"","enabled":false},"version":2}},"categories":[50],"tags":[],"class_list":["post-1563","post","type-post","status-publish","format-standard","has-post-thumbnail","hentry","category-judiciales"],"jetpack_publicize_connections":[],"jetpack_featured_media_url":"https:\/\/portalmovil.com.ar\/wp-content\/uploads\/2020\/02\/5e3d84a06b46c_750x420.jpg","jetpack_sharing_enabled":true,"amp_enabled":true,"_links":{"self":[{"href":"https:\/\/portalmovil.com.ar\/index.php\/wp-json\/wp\/v2\/posts\/1563","targetHints":{"allow":["GET"]}}],"collection":[{"href":"https:\/\/portalmovil.com.ar\/index.php\/wp-json\/wp\/v2\/posts"}],"about":[{"href":"https:\/\/portalmovil.com.ar\/index.php\/wp-json\/wp\/v2\/types\/post"}],"author":[{"embeddable":true,"href":"https:\/\/portalmovil.com.ar\/index.php\/wp-json\/wp\/v2\/users\/2"}],"replies":[{"embeddable":true,"href":"https:\/\/portalmovil.com.ar\/index.php\/wp-json\/wp\/v2\/comments?post=1563"}],"version-history":[{"count":1,"href":"https:\/\/portalmovil.com.ar\/index.php\/wp-json\/wp\/v2\/posts\/1563\/revisions"}],"predecessor-version":[{"id":1565,"href":"https:\/\/portalmovil.com.ar\/index.php\/wp-json\/wp\/v2\/posts\/1563\/revisions\/1565"}],"wp:featuredmedia":[{"embeddable":true,"href":"https:\/\/portalmovil.com.ar\/index.php\/wp-json\/wp\/v2\/media\/1564"}],"wp:attachment":[{"href":"https:\/\/portalmovil.com.ar\/index.php\/wp-json\/wp\/v2\/media?parent=1563"}],"wp:term":[{"taxonomy":"category","embeddable":true,"href":"https:\/\/portalmovil.com.ar\/index.php\/wp-json\/wp\/v2\/categories?post=1563"},{"taxonomy":"post_tag","embeddable":true,"href":"https:\/\/portalmovil.com.ar\/index.php\/wp-json\/wp\/v2\/tags?post=1563"}],"curies":[{"name":"wp","href":"https:\/\/api.w.org\/{rel}","templated":true}]}}