{"id":15568,"date":"2020-11-16T07:58:38","date_gmt":"2020-11-16T10:58:38","guid":{"rendered":"https:\/\/portalmovil.com.ar\/?p=15568"},"modified":"2020-11-16T07:58:40","modified_gmt":"2020-11-16T10:58:40","slug":"16-de-noviembre-dia-del-trabajador-judicial-argentino","status":"publish","type":"post","link":"https:\/\/portalmovil.com.ar\/index.php\/2020\/11\/16\/16-de-noviembre-dia-del-trabajador-judicial-argentino\/","title":{"rendered":"16 de noviembre: \u00abD\u00eda del Trabajador Judicial Argentino\u00bb"},"content":{"rendered":"\n<p>Como cada\u00a016 de noviembre\u00a0se celebra el\u00a0D\u00eda del Trabajador Judicial en Argentina\u00a0. Una fecha para conmemorar a los servidores p\u00fablicos que se encargan del Poder Judicial de la Naci\u00f3n, de las provincias y de la Ciudad de Buenos Aires.<\/p>\n\n\n\n<p>Un 16 de noviembre de 1952 se creaba la\u00a0<strong>Confederaci\u00f3n Judicial Argentina\u00a0<\/strong>, algo que hab\u00eda comenzado en septiembre cuando representantes judiciales de diferentes provincias evaluaron crear una entidad que\u00a0nuclee a los diferentes gremios judiciales\u00a0. El 10 de noviembre de ese a\u00f1o se realiz\u00f3 un congreso en Catamarca en el que se termin\u00f3 formando la\u00a0Confederaci\u00f3n Judicial Argentina.<\/p>\n\n\n\n<p>El proyecto\u00a0fue sancionado el 13 de abril de 2011\u00a0y fue promulgado el 11 de mayo de ese a\u00f1o. El D\u00eda del Trabajador Judicial reconoce la lucha hist\u00f3rica de la organizaci\u00f3n sindical por la defensa de los derechos de los trabajadores y la necesidad de conformar la unidad de los judiciales argentinos.<\/p>\n","protected":false},"excerpt":{"rendered":"<p>Como cada\u00a016 de noviembre\u00a0se celebra el\u00a0D\u00eda del Trabajador Judicial en Argentina\u00a0. Una fecha para conmemorar a los servidores p\u00fablicos que se encargan del Poder Judicial de la Naci\u00f3n, de las provincias y de la Ciudad de Buenos Aires. Un 16 de noviembre de 1952 se creaba la\u00a0Confederaci\u00f3n Judicial Argentina\u00a0, algo que hab\u00eda comenzado en septiembre &hellip;<\/p>\n","protected":false},"author":2,"featured_media":15569,"comment_status":"open","ping_status":"open","sticky":false,"template":"","format":"standard","meta":{"_jetpack_memberships_contains_paid_content":false,"footnotes":"","jetpack_publicize_message":"","jetpack_publicize_feature_enabled":true,"jetpack_social_post_already_shared":true,"jetpack_social_options":{"image_generator_settings":{"template":"highway","default_image_id":0,"font":"","enabled":false},"version":2}},"categories":[394],"tags":[],"class_list":["post-15568","post","type-post","status-publish","format-standard","has-post-thumbnail","hentry","category-efemerides"],"jetpack_publicize_connections":[],"jetpack_featured_media_url":"https:\/\/portalmovil.com.ar\/wp-content\/uploads\/2020\/11\/poder-judicial-e1545183935682.jpg","jetpack_sharing_enabled":true,"amp_enabled":true,"_links":{"self":[{"href":"https:\/\/portalmovil.com.ar\/index.php\/wp-json\/wp\/v2\/posts\/15568","targetHints":{"allow":["GET"]}}],"collection":[{"href":"https:\/\/portalmovil.com.ar\/index.php\/wp-json\/wp\/v2\/posts"}],"about":[{"href":"https:\/\/portalmovil.com.ar\/index.php\/wp-json\/wp\/v2\/types\/post"}],"author":[{"embeddable":true,"href":"https:\/\/portalmovil.com.ar\/index.php\/wp-json\/wp\/v2\/users\/2"}],"replies":[{"embeddable":true,"href":"https:\/\/portalmovil.com.ar\/index.php\/wp-json\/wp\/v2\/comments?post=15568"}],"version-history":[{"count":1,"href":"https:\/\/portalmovil.com.ar\/index.php\/wp-json\/wp\/v2\/posts\/15568\/revisions"}],"predecessor-version":[{"id":15570,"href":"https:\/\/portalmovil.com.ar\/index.php\/wp-json\/wp\/v2\/posts\/15568\/revisions\/15570"}],"wp:featuredmedia":[{"embeddable":true,"href":"https:\/\/portalmovil.com.ar\/index.php\/wp-json\/wp\/v2\/media\/15569"}],"wp:attachment":[{"href":"https:\/\/portalmovil.com.ar\/index.php\/wp-json\/wp\/v2\/media?parent=15568"}],"wp:term":[{"taxonomy":"category","embeddable":true,"href":"https:\/\/portalmovil.com.ar\/index.php\/wp-json\/wp\/v2\/categories?post=15568"},{"taxonomy":"post_tag","embeddable":true,"href":"https:\/\/portalmovil.com.ar\/index.php\/wp-json\/wp\/v2\/tags?post=15568"}],"curies":[{"name":"wp","href":"https:\/\/api.w.org\/{rel}","templated":true}]}}