{"id":15553,"date":"2020-11-15T19:22:45","date_gmt":"2020-11-15T22:22:45","guid":{"rendered":"https:\/\/portalmovil.com.ar\/?p=15553"},"modified":"2020-11-15T19:22:47","modified_gmt":"2020-11-15T22:22:47","slug":"resistencia-el-municipio-prosigue-con-los-operativos-en-las-zonas-afectadas-por-el-temporal-del-sabado","status":"publish","type":"post","link":"https:\/\/portalmovil.com.ar\/index.php\/2020\/11\/15\/resistencia-el-municipio-prosigue-con-los-operativos-en-las-zonas-afectadas-por-el-temporal-del-sabado\/","title":{"rendered":"Resistencia: El Municipio prosigue con los operativos en las zonas afectadas por el temporal del s\u00e1bado"},"content":{"rendered":"\n<p>La ciudad de Resistencia prosigui\u00f3 con los trabajos en diversos sectores con el fin de corregir los inconvenientes aparejados tras los fuertes vientos de la tormenta.<\/p>\n\n\n\n<p>Las tareas incluyeron la reducci\u00f3n de \u00e1rboles de gran porte ca\u00eddos, la desobstrucci\u00f3n de la v\u00eda p\u00fablica, el acopio y el barrido. Tambi\u00e9n se recuperaron postes y columnas. Para cumplir con esta intervenci\u00f3n se emplearon m\u00e1s de 300 operarios que recorrieron los puntos m\u00e1s afectados con 15 camiones, cuatro equipos de motosierras, dos gr\u00faas y minicargadoras.<\/p>\n\n\n\n<h2 class=\"wp-block-heading\"><strong>Para comunicarse con la Direcci\u00f3n General de Defensa Civil se puede llamar al 3625 \u2013 162913, y para hacerlo con la finalidad de notificar postes ca\u00eddos el n\u00famero es 3624 \u2013 715323.<\/strong><\/h2>\n\n\n\n<p>El secretario de Servicios P\u00fablicos, Claudio Westtein, sostuvo que \u201cel objetivo de estas acciones fue subsanar los problemas que produjo la fuerte tormenta que afect\u00f3 a \u00e1rboles, postes y techos\u201d.<\/p>\n\n\n\n<p>En una misma sinton\u00eda, explic\u00f3 que \u201cse puso a disposici\u00f3n a todas las cuadrillas de empleados municipales para completar un abordaje integral en distintas zonas\u201d, y agreg\u00f3 que \u201cprimeramente, se atendieron los pedidos y reclamos, y luego se efectu\u00f3 un recorrido por la ciudad para ver donde hab\u00eda puntos cr\u00edticos\u201d.<\/p>\n\n\n\n<p>El subsecretario de Servicios, Luis Alonso, indic\u00f3 que \u201cen un primer momento se intent\u00f3 minimizar los efectos causados por el viento, y para eso se trabaj\u00f3 en territorio con el personal de los distintos lugares afectados donde hay instituciones municipales como delegaciones y centros comunitarios, y con las bases operativas y bases log\u00edsticas\u201d.<\/p>\n\n\n\n<p>Asimismo, remarc\u00f3 que \u201cla meta es brindar una respuesta r\u00e1pida, eficaz y responsable a cada una de las notificaciones recorriendo los distintos circuitos de demanda para dejar en condiciones funcionales los espacios de circulaci\u00f3n, veredas y calles\u201d.<\/p>\n\n\n\n<p>El subsecretario de Sistema Lacustre y Arbolado, Mat\u00edas Arce, inform\u00f3 que \u201cse distribuyeron las tareas pendientes producto del temporal, donde se recibieron 60 reclamos y de los cuales se pudieron cubrir el 70%\u201d, y a\u00f1adi\u00f3 que \u201cde aqu\u00ed en m\u00e1s resta minimizar los \u00e1rboles ca\u00eddos, despejar y juntar las ramas\u201d.<\/p>\n\n\n\n<p>El subsecretario de Infraestructura y Equipamiento Urbano, Marcos Pereyra, detall\u00f3 que \u201cadem\u00e1s se desarrollaron acciones vinculadas a la recuperaci\u00f3n de postes, alumbrado p\u00fablico y columnas que cayeron por el temporal, y se dio aviso a las diferentes empresas sobre las problem\u00e1ticas surgidas\u201d, y finaliz\u00f3 diciendo que \u201cdurante la semana se restablecer\u00e1 el tendido de alumbrado p\u00fablico\u201d.<\/p>\n\n\n\n<p>El subsecretario de Emergencia, Defensa Civil y Red Social, Miguel Rol\u00f3n, se\u00f1al\u00f3 que \u201ces necesario que los vecinos tengan paciencia, ya que se desplegaron equipos por las cuatro zonas de Resistencia y todos los sectores exigen una respuesta, sumado a que son vecindarios alejados\u201d. En igual sentido, comunic\u00f3 que \u201clas primeras intervenciones y las m\u00e1s urgentes son las referidas a la liberaci\u00f3n del espacio p\u00fablico, y seguidamente se pasar\u00e1 a recoger las ramas\u201d.<\/p>\n","protected":false},"excerpt":{"rendered":"<p>La ciudad de Resistencia prosigui\u00f3 con los trabajos en diversos sectores con el fin de corregir los inconvenientes aparejados tras los fuertes vientos de la tormenta. Las tareas incluyeron la reducci\u00f3n de \u00e1rboles de gran porte ca\u00eddos, la desobstrucci\u00f3n de la v\u00eda p\u00fablica, el acopio y el barrido. Tambi\u00e9n se recuperaron postes y columnas. Para &hellip;<\/p>\n","protected":false},"author":2,"featured_media":15554,"comment_status":"open","ping_status":"open","sticky":false,"template":"","format":"standard","meta":{"_jetpack_memberships_contains_paid_content":false,"footnotes":"","jetpack_publicize_message":"","jetpack_publicize_feature_enabled":true,"jetpack_social_post_already_shared":true,"jetpack_social_options":{"image_generator_settings":{"template":"highway","default_image_id":0,"font":"","enabled":false},"version":2}},"categories":[37],"tags":[],"class_list":["post-15553","post","type-post","status-publish","format-standard","has-post-thumbnail","hentry","category-resistencia"],"jetpack_publicize_connections":[],"jetpack_featured_media_url":"https:\/\/portalmovil.com.ar\/wp-content\/uploads\/2020\/11\/125926689_3714301865334170_2211878396992301814_o.jpg","jetpack_sharing_enabled":true,"amp_enabled":true,"_links":{"self":[{"href":"https:\/\/portalmovil.com.ar\/index.php\/wp-json\/wp\/v2\/posts\/15553","targetHints":{"allow":["GET"]}}],"collection":[{"href":"https:\/\/portalmovil.com.ar\/index.php\/wp-json\/wp\/v2\/posts"}],"about":[{"href":"https:\/\/portalmovil.com.ar\/index.php\/wp-json\/wp\/v2\/types\/post"}],"author":[{"embeddable":true,"href":"https:\/\/portalmovil.com.ar\/index.php\/wp-json\/wp\/v2\/users\/2"}],"replies":[{"embeddable":true,"href":"https:\/\/portalmovil.com.ar\/index.php\/wp-json\/wp\/v2\/comments?post=15553"}],"version-history":[{"count":1,"href":"https:\/\/portalmovil.com.ar\/index.php\/wp-json\/wp\/v2\/posts\/15553\/revisions"}],"predecessor-version":[{"id":15555,"href":"https:\/\/portalmovil.com.ar\/index.php\/wp-json\/wp\/v2\/posts\/15553\/revisions\/15555"}],"wp:featuredmedia":[{"embeddable":true,"href":"https:\/\/portalmovil.com.ar\/index.php\/wp-json\/wp\/v2\/media\/15554"}],"wp:attachment":[{"href":"https:\/\/portalmovil.com.ar\/index.php\/wp-json\/wp\/v2\/media?parent=15553"}],"wp:term":[{"taxonomy":"category","embeddable":true,"href":"https:\/\/portalmovil.com.ar\/index.php\/wp-json\/wp\/v2\/categories?post=15553"},{"taxonomy":"post_tag","embeddable":true,"href":"https:\/\/portalmovil.com.ar\/index.php\/wp-json\/wp\/v2\/tags?post=15553"}],"curies":[{"name":"wp","href":"https:\/\/api.w.org\/{rel}","templated":true}]}}