{"id":15479,"date":"2020-11-14T09:23:57","date_gmt":"2020-11-14T12:23:57","guid":{"rendered":"https:\/\/portalmovil.com.ar\/?p=15479"},"modified":"2020-11-14T09:24:01","modified_gmt":"2020-11-14T12:24:01","slug":"diputados-formalizaron-la-convocatoria-a-sesion-para-tratar-el-aporte-solidario-y-el-presupuesto","status":"publish","type":"post","link":"https:\/\/portalmovil.com.ar\/index.php\/2020\/11\/14\/diputados-formalizaron-la-convocatoria-a-sesion-para-tratar-el-aporte-solidario-y-el-presupuesto\/","title":{"rendered":"Diputados: formalizaron la convocatoria a sesi\u00f3n para tratar el Aporte Solidario y el Presupuesto"},"content":{"rendered":"\n<p>El presidente de la C\u00e1mara de Diputados, Sergio Massa, formaliz\u00f3 la convocatoria a sesi\u00f3n especial del cuerpo para el pr\u00f3ximo martes a las 12 con el fin de tratar el proyecto de Aporte Solidario y el de Presupuesto 2021, devuelto anoche por el Senado.<\/p>\n\n\n\n<p>El pedido de sesi\u00f3n hab\u00eda sido formulado el jueves por el presidente del bloque oficialista, M\u00e1ximo Kirchner, y por representantes de los interbloque Unidad Federal para el Desarrollo; del interbloque Federal y del recientemente constituido Acci\u00f3n Federal.<\/p>\n\n\n\n<p>Adem\u00e1s de los temas mencionados, en la convocatoria se incluy\u00f3 el proyecto referido al Manejo del Fuego, para modificar el lapso m\u00ednimo de a\u00f1os que garanticen la recuperaci\u00f3n y restauraci\u00f3n de las superficies incendiadas.<\/p>\n\n\n\n<p>El cuarto tema es el que garantiza la formaci\u00f3n integral en ambiente, con perspectiva de desarrollo sostenible y con especial \u00e9nfasis en cambio clim\u00e1tico para las personas que se desempe\u00f1en en la funci\u00f3n p\u00fablica, com\u00fanmente denominada &#8216;Ley Yolanda&#8217;.<\/p>\n\n\n\n<p>El proyecto de Aporte Solidario es rechazado por Juntos por el Cambio, pero cuenta con el visto bueno del resto de los bloques opositores, por lo que se descuenta su aprobaci\u00f3n.<\/p>\n\n\n\n<p>El de Presupuesto 2021, en tanto, fue devuelto por el Senado debido a una omisi\u00f3n de una serie de planillas cuando se hab\u00eda votado originalmente en Diputados.<\/p>\n\n\n\n<p>El error fue subsanado por la C\u00e1mara alta y por ello volvi\u00f3 a Diputados para su ratificaci\u00f3n.<\/p>\n","protected":false},"excerpt":{"rendered":"<p>El presidente de la C\u00e1mara de Diputados, Sergio Massa, formaliz\u00f3 la convocatoria a sesi\u00f3n especial del cuerpo para el pr\u00f3ximo martes a las 12 con el fin de tratar el proyecto de Aporte Solidario y el de Presupuesto 2021, devuelto anoche por el Senado. El pedido de sesi\u00f3n hab\u00eda sido formulado el jueves por el &hellip;<\/p>\n","protected":false},"author":2,"featured_media":15480,"comment_status":"open","ping_status":"open","sticky":false,"template":"","format":"standard","meta":{"_jetpack_memberships_contains_paid_content":false,"footnotes":"","jetpack_publicize_message":"","jetpack_publicize_feature_enabled":true,"jetpack_social_post_already_shared":true,"jetpack_social_options":{"image_generator_settings":{"template":"highway","default_image_id":0,"font":"","enabled":false},"version":2}},"categories":[34,14,12],"tags":[],"class_list":["post-15479","post","type-post","status-publish","format-standard","has-post-thumbnail","hentry","category-nacional","category-politica","category-ultimo"],"jetpack_publicize_connections":[],"jetpack_featured_media_url":"https:\/\/portalmovil.com.ar\/wp-content\/uploads\/2020\/11\/massazzz-2.jpg","jetpack_sharing_enabled":true,"amp_enabled":true,"_links":{"self":[{"href":"https:\/\/portalmovil.com.ar\/index.php\/wp-json\/wp\/v2\/posts\/15479","targetHints":{"allow":["GET"]}}],"collection":[{"href":"https:\/\/portalmovil.com.ar\/index.php\/wp-json\/wp\/v2\/posts"}],"about":[{"href":"https:\/\/portalmovil.com.ar\/index.php\/wp-json\/wp\/v2\/types\/post"}],"author":[{"embeddable":true,"href":"https:\/\/portalmovil.com.ar\/index.php\/wp-json\/wp\/v2\/users\/2"}],"replies":[{"embeddable":true,"href":"https:\/\/portalmovil.com.ar\/index.php\/wp-json\/wp\/v2\/comments?post=15479"}],"version-history":[{"count":1,"href":"https:\/\/portalmovil.com.ar\/index.php\/wp-json\/wp\/v2\/posts\/15479\/revisions"}],"predecessor-version":[{"id":15481,"href":"https:\/\/portalmovil.com.ar\/index.php\/wp-json\/wp\/v2\/posts\/15479\/revisions\/15481"}],"wp:featuredmedia":[{"embeddable":true,"href":"https:\/\/portalmovil.com.ar\/index.php\/wp-json\/wp\/v2\/media\/15480"}],"wp:attachment":[{"href":"https:\/\/portalmovil.com.ar\/index.php\/wp-json\/wp\/v2\/media?parent=15479"}],"wp:term":[{"taxonomy":"category","embeddable":true,"href":"https:\/\/portalmovil.com.ar\/index.php\/wp-json\/wp\/v2\/categories?post=15479"},{"taxonomy":"post_tag","embeddable":true,"href":"https:\/\/portalmovil.com.ar\/index.php\/wp-json\/wp\/v2\/tags?post=15479"}],"curies":[{"name":"wp","href":"https:\/\/api.w.org\/{rel}","templated":true}]}}