{"id":15446,"date":"2020-11-13T13:44:41","date_gmt":"2020-11-13T16:44:41","guid":{"rendered":"https:\/\/portalmovil.com.ar\/?p=15446"},"modified":"2020-11-13T13:44:44","modified_gmt":"2020-11-13T16:44:44","slug":"martinez-resalto-el-programa-anses-en-tu-barrio-que-se-ejecuta-en-los-centros-comunitarios","status":"publish","type":"post","link":"https:\/\/portalmovil.com.ar\/index.php\/2020\/11\/13\/martinez-resalto-el-programa-anses-en-tu-barrio-que-se-ejecuta-en-los-centros-comunitarios\/","title":{"rendered":"Mart\u00ednez resalt\u00f3 el programa \u201cAnses en tu barrio\u201d que se ejecuta en los Centros Comunitarios"},"content":{"rendered":"\n<p>El intendente Gustavo Mart\u00ednez estuvo presente en el Centro Comunitario Municipal (CCM) \u201c13 de Diciembre\u201d durante el desarrollo del programa \u201cAnses en tu barrio\u201d. Esta iniciativa que se viene realizando con resultados positivos en otras dependencias comunales es acompa\u00f1ada por la Ciudad de Resistencia<\/p>\n\n\n\n<p>En el CCM , vecinos de distintos barrios de la zona sur de la capital chaque\u00f1a pudieron tramitar sus respectivas documentaciones con la facilidad de evitar movilizarse hacia el casco c\u00e9ntrico y adem\u00e1s sin generar aglomeraciones en la sede central local de Anses.<\/p>\n\n\n\n<p>En este predio municipal de avenida Edison y calle Goitia se hicieron efectivos 120 turnos, y los vecinos pudieron gestionarse beneficios tales como asignaci\u00f3n universal por hijo, discapacidad, embarazo, carga de libreta, escolaridad, alta de CUIL, alta de relaci\u00f3n, poder de cobro, cambio de banco, gestiones en relaci\u00f3n al trabajador y todo tipo de consultas que los vecinos quieran realizar al operador asignado por el organismo de Naci\u00f3n.<\/p>\n\n\n\n<h2 class=\"wp-block-heading\"><strong>Articulaci\u00f3n efectiva<\/strong><\/h2>\n\n\n\n<p>Sobre la importancia del programa, el intendente Mart\u00ednez consider\u00f3 \u201cmuy exitosa la pol\u00edtica que lleva adelante Anses en nuestra regi\u00f3n y nuestra ciudad\u201d y agradeci\u00f3 la articulaci\u00f3n con el gobierno de la Ciudad \u201cpara dar y poner en valor lo que para nosotros es muy importante, que son los centros comunitarios municipales\u201d.<\/p>\n\n\n\n<p>En este sentido, afirm\u00f3 que los CCM son dependencias que cumplen un rol muy importante en el \u00e1mbito de cada una de las comunidades, porque trabajan articuladamente. \u201cQue las pol\u00edticas p\u00fablicas lleguen a los barrios es la visi\u00f3n que tenemos de un municipio de gesti\u00f3n descentralizada, porque la pol\u00edtica p\u00fablica hoy tiene un gran desaf\u00edo que es llegar a cada barrio y provocar que cada uno de nosotros tenga la posibilidad de que ayudemos a que el vecino y la vecina puedan hacer el tr\u00e1mite en el lugar que corresponda\u201d, subray\u00f3 el Jefe comunal.<\/p>\n\n\n\n<p>Por su parte, la secretaria de Desarrollo Humano e Identidad, Laura Balbis, resalt\u00f3 el impacto del convenio llevado a cabo entre Anses y la Ciudad para aprovechar la ubicaci\u00f3n estrat\u00e9gica de los CCM para los habitantes de los distintos barrios y se\u00f1al\u00f3 que a partir de esa r\u00fabrica est\u00e1n yendo a cada dependencia comunal \u201cpara brindar a cada vecino y vecina todo tr\u00e1mite que ellos necesitan, donde contamos con operadores y con asesores que reciben consultas por distintos tr\u00e1mites\u201d.<\/p>\n\n\n\n<p>\u201cPero, adem\u00e1s, tenemos que destacar que hay voluntarias del CMM 13 de Diciembre que d\u00edas antes se contactaron con las comisiones vecinales y dem\u00e1s referentes barriales para que puedan transmitir a los vecinos estos beneficios del programa que articulamos en otros centros comunitarios en los que tambi\u00e9n previamente se otorgaron turnos para evitar aglomeraciones\u201d, resalt\u00f3.<\/p>\n\n\n\n<h2 class=\"wp-block-heading\"><strong>Una ayuda en tiempos de pandemia<\/strong><\/h2>\n\n\n\n<p>Tambi\u00e9n participo de la actividad la directora general de los CMM, Cristina Amarilla, quien enfatiz\u00f3 que \u201cen este operativo, que es tan importante para todos los vecinos y vecinas, de tener el tr\u00e1mite a mano en este tiempo de pandemia, donde es tan dif\u00edcil conseguir un turno, el Municipio est\u00e1 brindando este servicio tan necesario en los centros comunitarios\u201d, para luego agregar que la semana siguiente se replicar\u00e1 esta iniciativa conjunta entre la Ciudad y Anses en Villa Prosperidad.<\/p>\n\n\n\n<p>Por su parte, Claudia Caballero, directora del CCM \u201c13 de Diciembre\u201d, acot\u00f3 que \u201ces muy importante poder centralizar estos tipos de tr\u00e1mites para que el vecino no tenga que concurrir hasta el microcentro y lo haga aqu\u00ed, donde tenemos el contacto diario con el vecino\u201d.<\/p>\n\n\n\n<p>Mientras tanto, Eliana Aquino, coordinadora de los operativos de \u201cAnses en tu Barrio\u201d, acompa\u00f1ada de las asistentes ejecutivas comunales del \u00e1rea Territorial, Patricia Ygnacio y Laura Gim\u00e9nez, se\u00f1al\u00f3 que los d\u00edas previos al operativo se recibi\u00f3 a los vecinos que fueron convocando mediante comisiones vecinales para guiarlos y explicarles la clase de requisitos que necesitaban para que sea efectivo el tr\u00e1mite con el operador del organismo nacional.<\/p>\n\n\n\n<p>Tambi\u00e9n estuvieron presentes los presidentes de las comisiones vecinales de los barrios Juan Bautista Alberdi y 13 de Diciembre, Guillermo Caballero y Diego Acu\u00f1a, respectivamente.<\/p>\n\n\n\n<p>En cuanto a las personas que fueron beneficiadas por esta iniciativa, Norma Nad\u00f3n, del barrio Juan Bautista Alberdi, sostuvo que el programa solucion\u00f3 el problema de algunas personas que no pod\u00edan sacar turno o no tienen la posibilidad de adquirir una computadora. Mientras que Yolanda Lezcano, del barrio 13 de Diciembre, agradeci\u00f3 la atenci\u00f3n y la vecina Yamila Acu\u00f1a detall\u00f3 que este servicio le permiti\u00f3 una soluci\u00f3n \u201cr\u00e1pida, f\u00e1cil y bien accesible\u201d a su tr\u00e1mite.<\/p>\n","protected":false},"excerpt":{"rendered":"<p>El intendente Gustavo Mart\u00ednez estuvo presente en el Centro Comunitario Municipal (CCM) \u201c13 de Diciembre\u201d durante el desarrollo del programa \u201cAnses en tu barrio\u201d. Esta iniciativa que se viene realizando con resultados positivos en otras dependencias comunales es acompa\u00f1ada por la Ciudad de Resistencia En el CCM , vecinos de distintos barrios de la zona &hellip;<\/p>\n","protected":false},"author":2,"featured_media":15447,"comment_status":"open","ping_status":"open","sticky":false,"template":"","format":"standard","meta":{"_jetpack_memberships_contains_paid_content":false,"footnotes":"","jetpack_publicize_message":"","jetpack_publicize_feature_enabled":true,"jetpack_social_post_already_shared":true,"jetpack_social_options":{"image_generator_settings":{"template":"highway","default_image_id":0,"font":"","enabled":false},"version":2}},"categories":[37],"tags":[],"class_list":["post-15446","post","type-post","status-publish","format-standard","has-post-thumbnail","hentry","category-resistencia"],"jetpack_publicize_connections":[],"jetpack_featured_media_url":"https:\/\/portalmovil.com.ar\/wp-content\/uploads\/2020\/11\/124478739_3705797319517958_8898696302863887707_n.jpg","jetpack_sharing_enabled":true,"amp_enabled":true,"_links":{"self":[{"href":"https:\/\/portalmovil.com.ar\/index.php\/wp-json\/wp\/v2\/posts\/15446","targetHints":{"allow":["GET"]}}],"collection":[{"href":"https:\/\/portalmovil.com.ar\/index.php\/wp-json\/wp\/v2\/posts"}],"about":[{"href":"https:\/\/portalmovil.com.ar\/index.php\/wp-json\/wp\/v2\/types\/post"}],"author":[{"embeddable":true,"href":"https:\/\/portalmovil.com.ar\/index.php\/wp-json\/wp\/v2\/users\/2"}],"replies":[{"embeddable":true,"href":"https:\/\/portalmovil.com.ar\/index.php\/wp-json\/wp\/v2\/comments?post=15446"}],"version-history":[{"count":1,"href":"https:\/\/portalmovil.com.ar\/index.php\/wp-json\/wp\/v2\/posts\/15446\/revisions"}],"predecessor-version":[{"id":15448,"href":"https:\/\/portalmovil.com.ar\/index.php\/wp-json\/wp\/v2\/posts\/15446\/revisions\/15448"}],"wp:featuredmedia":[{"embeddable":true,"href":"https:\/\/portalmovil.com.ar\/index.php\/wp-json\/wp\/v2\/media\/15447"}],"wp:attachment":[{"href":"https:\/\/portalmovil.com.ar\/index.php\/wp-json\/wp\/v2\/media?parent=15446"}],"wp:term":[{"taxonomy":"category","embeddable":true,"href":"https:\/\/portalmovil.com.ar\/index.php\/wp-json\/wp\/v2\/categories?post=15446"},{"taxonomy":"post_tag","embeddable":true,"href":"https:\/\/portalmovil.com.ar\/index.php\/wp-json\/wp\/v2\/tags?post=15446"}],"curies":[{"name":"wp","href":"https:\/\/api.w.org\/{rel}","templated":true}]}}