{"id":15419,"date":"2020-11-12T18:17:03","date_gmt":"2020-11-12T21:17:03","guid":{"rendered":"https:\/\/portalmovil.com.ar\/?p=15419"},"modified":"2020-11-12T18:17:07","modified_gmt":"2020-11-12T21:17:07","slug":"capitanich-recorrio-la-planta-y-anuncio-obras-en-la-textil-santana-de-puerto-tirol","status":"publish","type":"post","link":"https:\/\/portalmovil.com.ar\/index.php\/2020\/11\/12\/capitanich-recorrio-la-planta-y-anuncio-obras-en-la-textil-santana-de-puerto-tirol\/","title":{"rendered":"Capitanich recorri\u00f3 la planta y anunci\u00f3 obras en la Textil Santana de Puerto Tirol"},"content":{"rendered":"\n<p>El gobernador Jorge Capitanich visit\u00f3 este jueves la textil Santana en Puerto Tirol junto a su CEO, Raimundo Delfino Filho, con quien supervis\u00f3 el trabajo que viene realizando la firma abastecedora del 30% del mercado textil argentino.<\/p>\n\n\n\n<p>Adem\u00e1s lo acompa\u00f1aron el ministro de Producci\u00f3n, Industria y Empleo, Sebasti\u00e1n Lifton; el presidente de la C\u00e1mara de Diputados, Hugo Sager; la ministra de Desarrollo Social, P\u00eda Chiacchio Cavana; y la directora del instituto de Cultura, Mariela Quir\u00f3s.<\/p>\n\n\n\n<p>La empresa hab\u00eda anunciado en septiembre de este a\u00f1o una inversi\u00f3n de 12 millones de d\u00f3lares, para triplicar su producci\u00f3n en el per\u00edodo 2020-2021 y generar 200 nuevos empleos que se sumar\u00e1n a los 400 actuales. Dadas sus caracter\u00edsticas tiene potencialidad para generar otros 200 en una segunda etapa y as\u00ed llegar a un total de 800.<\/p>\n\n\n\n<p>En la recorrida, el mandatario y el empresario brasilero informaron que en enero se ejecutar\u00e1n las obras de infraestructura necesarias para instalar en marzo los nuevos equipos de hilado.<\/p>\n\n\n\n<p>\u201cEs una muy buena noticia para Chaco y la Argentina ya que se abren nuevas puertas para el mercado exterior, y nosotros, los chaque\u00f1os y las chaque\u00f1as, tenemos una excelente calidad de tela\u201d, asegur\u00f3 Capitanich, resaltando que de una producci\u00f3n de 1,9 millones de kilos anuales pasar\u00e1 a 4,8 millones.<\/p>\n\n\n\n<p>Adem\u00e1s, Santana instalar\u00e1 otra planta para aumentar la producci\u00f3n de tela Denim (jeans) en la provincia, y as\u00ed pasar\u00e1 de producir 11 millones de metros al a\u00f1o a 19 millones. \u201cEstamos muy contentos porque es lo que queremos lograr: m\u00e1s producci\u00f3n, m\u00e1s empleos y m\u00e1s exportaci\u00f3n\u201d, remarc\u00f3 el gobernador.<\/p>\n\n\n\n<p>Se\u00f1al\u00f3 adem\u00e1s, que con la puesta en marcha del Plan Productivo se extender\u00e1 la superficie sembrada de algod\u00f3n, se continuar\u00e1 aumentando la capacidad productiva a trav\u00e9s de la incorporaci\u00f3n de m\u00e1s maquinaria y se trabajar\u00e1 en la instalaci\u00f3n de nuevos talleres textiles a lo largo de toda la provincia bajo la modalidad de cooperativas.<\/p>\n","protected":false},"excerpt":{"rendered":"<p>El gobernador Jorge Capitanich visit\u00f3 este jueves la textil Santana en Puerto Tirol junto a su CEO, Raimundo Delfino Filho, con quien supervis\u00f3 el trabajo que viene realizando la firma abastecedora del 30% del mercado textil argentino. Adem\u00e1s lo acompa\u00f1aron el ministro de Producci\u00f3n, Industria y Empleo, Sebasti\u00e1n Lifton; el presidente de la C\u00e1mara de &hellip;<\/p>\n","protected":false},"author":2,"featured_media":15420,"comment_status":"open","ping_status":"open","sticky":false,"template":"","format":"standard","meta":{"_jetpack_memberships_contains_paid_content":false,"footnotes":"","jetpack_publicize_message":"","jetpack_publicize_feature_enabled":true,"jetpack_social_post_already_shared":true,"jetpack_social_options":{"image_generator_settings":{"template":"highway","default_image_id":0,"font":"","enabled":false},"version":2}},"categories":[5,14],"tags":[],"class_list":["post-15419","post","type-post","status-publish","format-standard","has-post-thumbnail","hentry","category-chaco","category-politica"],"jetpack_publicize_connections":[],"jetpack_featured_media_url":"https:\/\/portalmovil.com.ar\/wp-content\/uploads\/2020\/11\/baf6791049b69d460e960f61164d2969.jpg","jetpack_sharing_enabled":true,"amp_enabled":true,"_links":{"self":[{"href":"https:\/\/portalmovil.com.ar\/index.php\/wp-json\/wp\/v2\/posts\/15419","targetHints":{"allow":["GET"]}}],"collection":[{"href":"https:\/\/portalmovil.com.ar\/index.php\/wp-json\/wp\/v2\/posts"}],"about":[{"href":"https:\/\/portalmovil.com.ar\/index.php\/wp-json\/wp\/v2\/types\/post"}],"author":[{"embeddable":true,"href":"https:\/\/portalmovil.com.ar\/index.php\/wp-json\/wp\/v2\/users\/2"}],"replies":[{"embeddable":true,"href":"https:\/\/portalmovil.com.ar\/index.php\/wp-json\/wp\/v2\/comments?post=15419"}],"version-history":[{"count":1,"href":"https:\/\/portalmovil.com.ar\/index.php\/wp-json\/wp\/v2\/posts\/15419\/revisions"}],"predecessor-version":[{"id":15421,"href":"https:\/\/portalmovil.com.ar\/index.php\/wp-json\/wp\/v2\/posts\/15419\/revisions\/15421"}],"wp:featuredmedia":[{"embeddable":true,"href":"https:\/\/portalmovil.com.ar\/index.php\/wp-json\/wp\/v2\/media\/15420"}],"wp:attachment":[{"href":"https:\/\/portalmovil.com.ar\/index.php\/wp-json\/wp\/v2\/media?parent=15419"}],"wp:term":[{"taxonomy":"category","embeddable":true,"href":"https:\/\/portalmovil.com.ar\/index.php\/wp-json\/wp\/v2\/categories?post=15419"},{"taxonomy":"post_tag","embeddable":true,"href":"https:\/\/portalmovil.com.ar\/index.php\/wp-json\/wp\/v2\/tags?post=15419"}],"curies":[{"name":"wp","href":"https:\/\/api.w.org\/{rel}","templated":true}]}}