{"id":15294,"date":"2020-11-10T16:36:59","date_gmt":"2020-11-10T19:36:59","guid":{"rendered":"https:\/\/portalmovil.com.ar\/?p=15294"},"modified":"2020-11-10T16:37:02","modified_gmt":"2020-11-10T19:37:02","slug":"martinez-por-piquetes-en-el-municipio-el-poder-judicial-y-las-fuerzas-de-seguridad-no-tienen-reaccion","status":"publish","type":"post","link":"https:\/\/portalmovil.com.ar\/index.php\/2020\/11\/10\/martinez-por-piquetes-en-el-municipio-el-poder-judicial-y-las-fuerzas-de-seguridad-no-tienen-reaccion\/","title":{"rendered":"Mart\u00ednez por piquetes en el Municipio: \u201cEl Poder Judicial y las fuerzas de seguridad no tienen reacci\u00f3n\u201d"},"content":{"rendered":"\n<p>El intendente de Resistencia Gustavo Mart\u00ednez acudi\u00f3 a sus redes sociales en la ma\u00f1ana de este martes para manifestar su disconformidad por una manifestaci\u00f3n que se produjeron en inmediaciones de la Municipalidad, a trav\u00e9s de la cual asegura que los tienen \u201cde rehenes\u201d a los trabajadores municipales.\u00a0<\/p>\n\n\n\n<p>\u201cTodo el personal municipal est\u00e1 sin poder moverse dentro de las oficinas, y los vecinos y vecinas sin poder ingresar al Municipio, debido a que est\u00e1n todos los portones bloqueados desde temprano en la ma\u00f1ana, y lamentablemente no tenemos respuesta de la Justicia ni de las fuerzas de seguridad\u201d, manifest\u00f3 Mart\u00ednez, y agreg\u00f3 \u201cesta es una situaci\u00f3n que nos sobrepasa y que se vive hace tiempo en la ciudad, pero lamentablemente las estructuras, tanto el Poder Judicial como las fuerzas de seguridad no tienen reacci\u00f3n\u201d.&nbsp;<\/p>\n\n\n\n<figure class=\"wp-block-gallery columns-2 is-cropped wp-block-gallery-1 is-layout-flex wp-block-gallery-is-layout-flex\"><ul class=\"blocks-gallery-grid\"><li class=\"blocks-gallery-item\"><figure><img loading=\"lazy\" decoding=\"async\" width=\"832\" height=\"720\" src=\"https:\/\/portalmovil.com.ar\/wp-content\/uploads\/2020\/11\/124043130_3699874203443603_8667470281894475876_n-1.jpg\" alt=\"\" data-id=\"15296\" data-link=\"https:\/\/portalmovil.com.ar\/?attachment_id=15296\" class=\"wp-image-15296\" srcset=\"https:\/\/portalmovil.com.ar\/wp-content\/uploads\/2020\/11\/124043130_3699874203443603_8667470281894475876_n-1.jpg 832w, https:\/\/portalmovil.com.ar\/wp-content\/uploads\/2020\/11\/124043130_3699874203443603_8667470281894475876_n-1-300x260.jpg 300w, https:\/\/portalmovil.com.ar\/wp-content\/uploads\/2020\/11\/124043130_3699874203443603_8667470281894475876_n-1-768x665.jpg 768w\" sizes=\"auto, (max-width: 832px) 100vw, 832px\" \/><\/figure><\/li><li class=\"blocks-gallery-item\"><figure><img loading=\"lazy\" decoding=\"async\" width=\"959\" height=\"540\" src=\"https:\/\/portalmovil.com.ar\/wp-content\/uploads\/2020\/11\/124226242_3699874513443572_4439277903705911093_o.jpg\" alt=\"\" data-id=\"15298\" data-full-url=\"https:\/\/portalmovil.com.ar\/wp-content\/uploads\/2020\/11\/124226242_3699874513443572_4439277903705911093_o.jpg\" data-link=\"https:\/\/portalmovil.com.ar\/?attachment_id=15298\" class=\"wp-image-15298\" srcset=\"https:\/\/portalmovil.com.ar\/wp-content\/uploads\/2020\/11\/124226242_3699874513443572_4439277903705911093_o.jpg 959w, https:\/\/portalmovil.com.ar\/wp-content\/uploads\/2020\/11\/124226242_3699874513443572_4439277903705911093_o-300x169.jpg 300w, https:\/\/portalmovil.com.ar\/wp-content\/uploads\/2020\/11\/124226242_3699874513443572_4439277903705911093_o-768x432.jpg 768w\" sizes=\"auto, (max-width: 959px) 100vw, 959px\" \/><\/figure><\/li><\/ul><\/figure>\n\n\n\n<p>En ese sentido, se defendi\u00f3 y asegur\u00f3 que \u201choy nos toca&nbsp;llevar adelante la gesti\u00f3n con una situaci\u00f3n financiera complicada, en el marco de una pandemia y en un escenario pol\u00edtico complejo\u201d, y sum\u00f3 que \u201ceste no es el mecanismo, menos en una ciudad donde nos conocemos todos\u201d.&nbsp;<\/p>\n\n\n\n<p>A su vez, amenaz\u00f3 con que \u201cprobablemente tengamos que ir a Buenos Aires a presentarnos ante alg\u00fan organismo de Justicia Nacional\u201d ya que seg\u00fan indic\u00f3, \u201cno sabemos a qui\u00e9n m\u00e1s hacer presentaciones para que act\u00faen\u201d.<\/p>\n","protected":false},"excerpt":{"rendered":"<p>El intendente de Resistencia Gustavo Mart\u00ednez acudi\u00f3 a sus redes sociales en la ma\u00f1ana de este martes para manifestar su disconformidad por una manifestaci\u00f3n que se produjeron en inmediaciones de la Municipalidad, a trav\u00e9s de la cual asegura que los tienen \u201cde rehenes\u201d a los trabajadores municipales.\u00a0 \u201cTodo el personal municipal est\u00e1 sin poder moverse &hellip;<\/p>\n","protected":false},"author":2,"featured_media":15299,"comment_status":"open","ping_status":"open","sticky":false,"template":"","format":"standard","meta":{"_jetpack_memberships_contains_paid_content":false,"footnotes":"","jetpack_publicize_message":"","jetpack_publicize_feature_enabled":true,"jetpack_social_post_already_shared":true,"jetpack_social_options":{"image_generator_settings":{"template":"highway","default_image_id":0,"font":"","enabled":false},"version":2}},"categories":[8,37],"tags":[],"class_list":["post-15294","post","type-post","status-publish","format-standard","has-post-thumbnail","hentry","category-policiales","category-resistencia"],"jetpack_publicize_connections":[],"jetpack_featured_media_url":"https:\/\/portalmovil.com.ar\/wp-content\/uploads\/2020\/11\/124554283_3699874040110286_3428175078129635012_o-1.jpg","jetpack_sharing_enabled":true,"amp_enabled":true,"_links":{"self":[{"href":"https:\/\/portalmovil.com.ar\/index.php\/wp-json\/wp\/v2\/posts\/15294","targetHints":{"allow":["GET"]}}],"collection":[{"href":"https:\/\/portalmovil.com.ar\/index.php\/wp-json\/wp\/v2\/posts"}],"about":[{"href":"https:\/\/portalmovil.com.ar\/index.php\/wp-json\/wp\/v2\/types\/post"}],"author":[{"embeddable":true,"href":"https:\/\/portalmovil.com.ar\/index.php\/wp-json\/wp\/v2\/users\/2"}],"replies":[{"embeddable":true,"href":"https:\/\/portalmovil.com.ar\/index.php\/wp-json\/wp\/v2\/comments?post=15294"}],"version-history":[{"count":1,"href":"https:\/\/portalmovil.com.ar\/index.php\/wp-json\/wp\/v2\/posts\/15294\/revisions"}],"predecessor-version":[{"id":15300,"href":"https:\/\/portalmovil.com.ar\/index.php\/wp-json\/wp\/v2\/posts\/15294\/revisions\/15300"}],"wp:featuredmedia":[{"embeddable":true,"href":"https:\/\/portalmovil.com.ar\/index.php\/wp-json\/wp\/v2\/media\/15299"}],"wp:attachment":[{"href":"https:\/\/portalmovil.com.ar\/index.php\/wp-json\/wp\/v2\/media?parent=15294"}],"wp:term":[{"taxonomy":"category","embeddable":true,"href":"https:\/\/portalmovil.com.ar\/index.php\/wp-json\/wp\/v2\/categories?post=15294"},{"taxonomy":"post_tag","embeddable":true,"href":"https:\/\/portalmovil.com.ar\/index.php\/wp-json\/wp\/v2\/tags?post=15294"}],"curies":[{"name":"wp","href":"https:\/\/api.w.org\/{rel}","templated":true}]}}