{"id":15283,"date":"2020-11-10T14:26:26","date_gmt":"2020-11-10T17:26:26","guid":{"rendered":"https:\/\/portalmovil.com.ar\/?p=15283"},"modified":"2020-11-10T14:26:28","modified_gmt":"2020-11-10T17:26:28","slug":"el-gobierno-enviara-al-congreso-el-proyecto-de-legalizacion-del-aborto","status":"publish","type":"post","link":"https:\/\/portalmovil.com.ar\/index.php\/2020\/11\/10\/el-gobierno-enviara-al-congreso-el-proyecto-de-legalizacion-del-aborto\/","title":{"rendered":"El Gobierno enviar\u00e1 al Congreso el proyecto de legalizaci\u00f3n del aborto"},"content":{"rendered":"\n<p>El oficialismo en la C\u00e1mara de Diputados celebr\u00f3 el anuncio del pr\u00f3ximo env\u00edo al Congreso del proyecto para legalizar el aborto y ratific\u00f3 el compromiso de escuchar \u00aba todas las voces\u00bb, al afirmar que \u00abno ser\u00e1 un tr\u00e1mite expr\u00e9s\u00bb y que tendr\u00e1 un tratamiento \u00ab\u00e1gil y comprometido en comisiones\u00bb.<\/p>\n\n\n\n<p>La secretaria de Legal y T\u00e9cnica, Vilma Ibarra, confirm\u00f3 -en declaraciones al <strong><em>canal C5N<\/em><\/strong>&#8211; que durante el transcurso del mes de noviembre el proyecto de legalizaci\u00f3n del aborto, junto con el que crea el Plan de los 1000 d\u00edas, ser\u00e1n enviados por el Ejecutivo al Congreso para ser tratados durante las sesiones extraordinarias.<\/p>\n\n\n\n<p>\u00abEl anuncio oficial confirma nuestro compromiso de gobierno con la legalizaci\u00f3n del aborto. Nos dimos este tiempo para generar las condiciones necesarias y propiciar el mejor momento para tratar el proyecto\u00bb, dijo en declaraciones a T\u00e9lam la presidenta de la comisi\u00f3n de Mujeres y Diversidad de la C\u00e1mara de Diputados, M\u00f3nica Macha (Frente de Todos).<\/p>\n\n\n\n<p>\u00abPor primera vez en la historia vamos a tener un proyecto realizado y enviado por el Ejecutivo. Estamos en las v\u00edsperas de un hecho hist\u00f3rico para el transfeminismo\u00bb, asever\u00f3 la titular de la comisi\u00f3n que ser\u00e1 cabecera de debate del proyecto.<\/p>\n\n\n\n<p>En ese marco, agreg\u00f3: \u00abNuestras luchas hoy son pol\u00edtica de Estado y prioridad en la agenda de gobierno\u00bb.<\/p>\n\n\n\n<p>\u00abAspiramos a un tratamiento \u00e1gil y comprometido en comisiones. Buena parte de las discusiones ya fueron saldadas en 2018 y tambi\u00e9n con la victoria electoral que tuvimos en 2019 en la que el aborto legal fue parte clave de nuestra propuesta de gobierno\u00bb, asegur\u00f3 Macha.<\/p>\n\n\n\n<p>Para la diputada nacional del Frente de Todos, el foco de trabajo \u00abson aquellos diputados y diputadas que no tienen su voto decidido\u00bb y a\u00f1adi\u00f3: \u00abVamos a construir los consensos necesarios para que no se les siga negando este derecho a las personas con capacidad de gestar\u00bb.<\/p>\n\n\n\n<p>Por su parte, la presidenta de la comisi\u00f3n de Legislaci\u00f3n Penal, Carolina Gaillard (Frente de Todos-Entre R\u00edos) sostuvo que \u00abes una decisi\u00f3n muy importante de nuestro Presidente a favor de la salud p\u00fablica que venimos pidiendo desde el movimiento de mujeres hace a\u00f1os\u00bb.<\/p>\n\n\n\n<h2 class=\"wp-block-heading\"><strong>\u00abLos abortos se practican, existen, y las mujeres mueren por la clandestinidad. Necesitamos que el Estado cuide y proteja y no castigue y criminalice a la mujer en esa situaci\u00f3n tan traum\u00e1tica como es un embarazo no deseado. Celebramos la iniciativa del Ejecutivo\u00bb, enfatiz\u00f3 Gaillard a T\u00e9lam.<\/strong><\/h2>\n\n\n\n<p>Asimismo, el presidente de la Comisi\u00f3n de Salud y Acci\u00f3n Social de la c\u00e1mara baja, Pablo Yedlin (Frente de Todos-Tucum\u00e1n) se\u00f1al\u00f3 que \u00abla idea general es dar oportunidad y tiempo suficiente para el debate, sin que esto genere demoras: si va a extraordinarias vamos a estar trabajando en este tema tan importante\u00bb.<\/p>\n\n\n\n<p>\u00abEntendemos que hay que avanzar porque es un tema de salud p\u00fablica que involucra en muchos lugares que mujeres tengan que interrumpir su embarazo en forma clandestina y eso genera muertes\u00bb, afirm\u00f3 el diputado tucumano en di\u00e1logo con T\u00e9lam.<\/p>\n\n\n\n<p>Finalmente, Yedlin sostuvo que \u00abnadie va a apurar nada: no va a haber ning\u00fan tr\u00e1mite expres pero tampoco se va a demorar m\u00e1s de lo que se necesite\u00bb.<\/p>\n","protected":false},"excerpt":{"rendered":"<p>El oficialismo en la C\u00e1mara de Diputados celebr\u00f3 el anuncio del pr\u00f3ximo env\u00edo al Congreso del proyecto para legalizar el aborto y ratific\u00f3 el compromiso de escuchar \u00aba todas las voces\u00bb, al afirmar que \u00abno ser\u00e1 un tr\u00e1mite expr\u00e9s\u00bb y que tendr\u00e1 un tratamiento \u00ab\u00e1gil y comprometido en comisiones\u00bb. La secretaria de Legal y T\u00e9cnica, &hellip;<\/p>\n","protected":false},"author":2,"featured_media":15284,"comment_status":"open","ping_status":"open","sticky":false,"template":"","format":"standard","meta":{"_jetpack_memberships_contains_paid_content":false,"footnotes":"","jetpack_publicize_message":"","jetpack_publicize_feature_enabled":true,"jetpack_social_post_already_shared":true,"jetpack_social_options":{"image_generator_settings":{"template":"highway","default_image_id":0,"font":"","enabled":false},"version":2}},"categories":[34,12],"tags":[],"class_list":["post-15283","post","type-post","status-publish","format-standard","has-post-thumbnail","hentry","category-nacional","category-ultimo"],"jetpack_publicize_connections":[],"jetpack_featured_media_url":"https:\/\/portalmovil.com.ar\/wp-content\/uploads\/2020\/11\/2MGQTP2XUNCR5E3QEDKL25WDQU.jpg","jetpack_sharing_enabled":true,"amp_enabled":true,"_links":{"self":[{"href":"https:\/\/portalmovil.com.ar\/index.php\/wp-json\/wp\/v2\/posts\/15283","targetHints":{"allow":["GET"]}}],"collection":[{"href":"https:\/\/portalmovil.com.ar\/index.php\/wp-json\/wp\/v2\/posts"}],"about":[{"href":"https:\/\/portalmovil.com.ar\/index.php\/wp-json\/wp\/v2\/types\/post"}],"author":[{"embeddable":true,"href":"https:\/\/portalmovil.com.ar\/index.php\/wp-json\/wp\/v2\/users\/2"}],"replies":[{"embeddable":true,"href":"https:\/\/portalmovil.com.ar\/index.php\/wp-json\/wp\/v2\/comments?post=15283"}],"version-history":[{"count":1,"href":"https:\/\/portalmovil.com.ar\/index.php\/wp-json\/wp\/v2\/posts\/15283\/revisions"}],"predecessor-version":[{"id":15285,"href":"https:\/\/portalmovil.com.ar\/index.php\/wp-json\/wp\/v2\/posts\/15283\/revisions\/15285"}],"wp:featuredmedia":[{"embeddable":true,"href":"https:\/\/portalmovil.com.ar\/index.php\/wp-json\/wp\/v2\/media\/15284"}],"wp:attachment":[{"href":"https:\/\/portalmovil.com.ar\/index.php\/wp-json\/wp\/v2\/media?parent=15283"}],"wp:term":[{"taxonomy":"category","embeddable":true,"href":"https:\/\/portalmovil.com.ar\/index.php\/wp-json\/wp\/v2\/categories?post=15283"},{"taxonomy":"post_tag","embeddable":true,"href":"https:\/\/portalmovil.com.ar\/index.php\/wp-json\/wp\/v2\/tags?post=15283"}],"curies":[{"name":"wp","href":"https:\/\/api.w.org\/{rel}","templated":true}]}}