{"id":15233,"date":"2020-11-09T12:39:53","date_gmt":"2020-11-09T15:39:53","guid":{"rendered":"https:\/\/portalmovil.com.ar\/?p=15233"},"modified":"2020-11-09T12:39:56","modified_gmt":"2020-11-09T15:39:56","slug":"anuncian-servicio-de-micros-desde-resistencia-a-buenos-aires-y-cordoba","status":"publish","type":"post","link":"https:\/\/portalmovil.com.ar\/index.php\/2020\/11\/09\/anuncian-servicio-de-micros-desde-resistencia-a-buenos-aires-y-cordoba\/","title":{"rendered":"Anuncian servicio de micros desde Resistencia a Buenos Aires y C\u00f3rdoba"},"content":{"rendered":"\n<p>El vicepresidente del Instituto de Turismo del Chaco,\u00a0Mauro Flores, dialog\u00f3 este lunes con\u00a0<strong>Noticiero 9\u00a0<\/strong>y destac\u00f3 que en el marco del Plan de Desescalada se habilita la actividad tur\u00edstica en general.\u00a0<\/p>\n\n\n\n<p>Los hoteles podr\u00e1n recibir a los turistas\u00a0solo teniendo recaudos en espacios comunes, y\u00a0se podr\u00e1n realizar visitas a la zona rural con turnos. Adem\u00e1s, Flores indic\u00f3 que\u00a0se suman m\u00e1s viajes de colectivos de media y larga distancia dentro de la provincia, y se incorporar\u00e1n los\u00a0servicios desde y hacia Buenos Aires y C\u00f3rdoba.\u00a0<\/p>\n\n\n\n<p>n cuanto a las visitas a destinos tur\u00edsticos dentro de la provincia, el vicepresidente del Instituto asegur\u00f3 que\u00a0hasta el 29 de noviembre ya \u00abno hay restricciones para hacer turismo de una localidad a otra, siempre que no se dispare la curva en una de estas localidades\u00bb.\u00a0<\/p>\n\n\n\n<p>\u00abSi el transporte se incrementa, la posibilidad de recibir clientes en los hoteles y tambi\u00e9n de sacar turnos para el turismo rural y urbano,\u00a0podemos decir que hay muy buenas y saludables noticias para el sector\u00bb, subray\u00f3 Flores. Adem\u00e1s, agreg\u00f3 que \u00abpretendemos que se pueda reactivar progresivamente y con protocolos sanitarios y de bioseguridad\u00a0la actividad tur\u00edstica de la provincia\u00bb.\u00a0<\/p>\n\n\n\n<h2 class=\"wp-block-heading\"><strong>CRONOGRAMA DE VIAJES A BUENOS AIRES Y C\u00d3RDOBA<\/strong><\/h2>\n\n\n\n<p>Los primeros viajes aprobados por las autoridades provinciales y nacionales iniciar\u00edan el domingo 15 de noviembre, por parte de la empresa FlechaBus. A partir de all\u00ed se ofrecen dos viajes directos hacia C\u00f3rdoba, los d\u00edas 15 y 29 de este mes a las 20:30 hs, desde Resistencia. Para Buenos Aires, hay disponibles cuatro frecuencias de ida y cuatro de vuelta a Chaco, entre las terminales de Resistencia y Dellepiane.<\/p>\n\n\n\n<figure class=\"wp-block-image\"><img decoding=\"async\" src=\"http:\/\/www.diario21.tv\/notix2\/multimedia\/imagenes\/fotos\/2020-11-09\/730259.jpeg\" alt=\"\"\/><\/figure>\n\n\n\n<p><em><strong>Cronograma completo de viajes Resistencia &#8211; Buenos Aires<\/strong><\/em><\/p>\n\n\n\n<p>Cabe destacar que para poder viajar a Buenos Aires se debe contar con el Certificado \u00danico Habilitante para Circular, que tambi\u00e9n ser\u00e1 necesario para trasladarse a C\u00f3rdoba adem\u00e1s de la aplicaci\u00f3n CUIDAR.<\/p>\n\n\n\n<figure class=\"wp-block-image\"><img decoding=\"async\" src=\"http:\/\/www.diario21.tv\/notix2\/multimedia\/imagenes\/fotos\/2020-11-09\/411781.jpeg\" alt=\"\"\/><\/figure>\n\n\n\n<p>FUENTE INFORMATIVA: <strong><em>Diario21.Tv<\/em><\/strong><\/p>\n","protected":false},"excerpt":{"rendered":"<p>El vicepresidente del Instituto de Turismo del Chaco,\u00a0Mauro Flores, dialog\u00f3 este lunes con\u00a0Noticiero 9\u00a0y destac\u00f3 que en el marco del Plan de Desescalada se habilita la actividad tur\u00edstica en general.\u00a0 Los hoteles podr\u00e1n recibir a los turistas\u00a0solo teniendo recaudos en espacios comunes, y\u00a0se podr\u00e1n realizar visitas a la zona rural con turnos. Adem\u00e1s, Flores indic\u00f3 &hellip;<\/p>\n","protected":false},"author":2,"featured_media":15234,"comment_status":"open","ping_status":"open","sticky":false,"template":"","format":"standard","meta":{"_jetpack_memberships_contains_paid_content":false,"footnotes":"","jetpack_publicize_message":"","jetpack_publicize_feature_enabled":true,"jetpack_social_post_already_shared":true,"jetpack_social_options":{"image_generator_settings":{"template":"highway","default_image_id":0,"font":"","enabled":false},"version":2}},"categories":[28,5],"tags":[178,398],"class_list":["post-15233","post","type-post","status-publish","format-standard","has-post-thumbnail","hentry","category-actualidad","category-chaco","tag-trasportes","tag-viajes"],"jetpack_publicize_connections":[],"jetpack_featured_media_url":"https:\/\/portalmovil.com.ar\/wp-content\/uploads\/2020\/11\/449e7413-f80a-4e54-a843-fd7a46832515.jpg","jetpack_sharing_enabled":true,"amp_enabled":true,"_links":{"self":[{"href":"https:\/\/portalmovil.com.ar\/index.php\/wp-json\/wp\/v2\/posts\/15233","targetHints":{"allow":["GET"]}}],"collection":[{"href":"https:\/\/portalmovil.com.ar\/index.php\/wp-json\/wp\/v2\/posts"}],"about":[{"href":"https:\/\/portalmovil.com.ar\/index.php\/wp-json\/wp\/v2\/types\/post"}],"author":[{"embeddable":true,"href":"https:\/\/portalmovil.com.ar\/index.php\/wp-json\/wp\/v2\/users\/2"}],"replies":[{"embeddable":true,"href":"https:\/\/portalmovil.com.ar\/index.php\/wp-json\/wp\/v2\/comments?post=15233"}],"version-history":[{"count":1,"href":"https:\/\/portalmovil.com.ar\/index.php\/wp-json\/wp\/v2\/posts\/15233\/revisions"}],"predecessor-version":[{"id":15235,"href":"https:\/\/portalmovil.com.ar\/index.php\/wp-json\/wp\/v2\/posts\/15233\/revisions\/15235"}],"wp:featuredmedia":[{"embeddable":true,"href":"https:\/\/portalmovil.com.ar\/index.php\/wp-json\/wp\/v2\/media\/15234"}],"wp:attachment":[{"href":"https:\/\/portalmovil.com.ar\/index.php\/wp-json\/wp\/v2\/media?parent=15233"}],"wp:term":[{"taxonomy":"category","embeddable":true,"href":"https:\/\/portalmovil.com.ar\/index.php\/wp-json\/wp\/v2\/categories?post=15233"},{"taxonomy":"post_tag","embeddable":true,"href":"https:\/\/portalmovil.com.ar\/index.php\/wp-json\/wp\/v2\/tags?post=15233"}],"curies":[{"name":"wp","href":"https:\/\/api.w.org\/{rel}","templated":true}]}}