{"id":15213,"date":"2020-11-08T20:16:32","date_gmt":"2020-11-08T23:16:32","guid":{"rendered":"https:\/\/portalmovil.com.ar\/?p=15213"},"modified":"2020-11-08T20:16:42","modified_gmt":"2020-11-08T23:16:42","slug":"resistencia-un-bebe-de-nueve-meses-murio-por-asfixia-en-villa-libertad","status":"publish","type":"post","link":"https:\/\/portalmovil.com.ar\/index.php\/2020\/11\/08\/resistencia-un-bebe-de-nueve-meses-murio-por-asfixia-en-villa-libertad\/","title":{"rendered":"Resistencia: Un beb\u00e9 de nueve meses muri\u00f3 por asfixia en Villa Libertad"},"content":{"rendered":"\n<p>En la siesta de este domingo, cerca las 15hs, ingres\u00f3 una mujer en la Guardia de la comisar\u00eda S\u00e9ptima solicitando presencia policial en el Centro de Salud villa libertad mencionado. <\/p>\n\n\n\n<p>Constituida la prevenci\u00f3n al lugar, se entrevistaron con una mujer de 33 a\u00f1os, madre del menor, de 9 meses de vida, informando que el mismo era prematuro, tenia traqueotom\u00eda y sonda. <\/p>\n\n\n\n<p>Examinado por Dr. en turno, indic\u00f3 que el ni\u00f1o ingres\u00f3 sin signos vitales, con diagnostic\u00f3: Muerte por Asfixia. Se dio intervenci\u00f3n al m\u00e9dico Policial.<\/p>\n\n\n\n<p>Quien en vida fuera (9 meses de vida), fue examinado por el M\u00e9dico Policial, diagnosticando: MUERTE POR ASFIXIA. Fiscal en turno, dispuso entrega del cuerpo a los familiares<\/p>\n","protected":false},"excerpt":{"rendered":"<p>En la siesta de este domingo, cerca las 15hs, ingres\u00f3 una mujer en la Guardia de la comisar\u00eda S\u00e9ptima solicitando presencia policial en el Centro de Salud villa libertad mencionado. Constituida la prevenci\u00f3n al lugar, se entrevistaron con una mujer de 33 a\u00f1os, madre del menor, de 9 meses de vida, informando que el mismo &hellip;<\/p>\n","protected":false},"author":2,"featured_media":15214,"comment_status":"open","ping_status":"open","sticky":false,"template":"","format":"standard","meta":{"_jetpack_memberships_contains_paid_content":false,"footnotes":"","jetpack_publicize_message":"","jetpack_publicize_feature_enabled":true,"jetpack_social_post_already_shared":true,"jetpack_social_options":{"image_generator_settings":{"template":"highway","default_image_id":0,"font":"","enabled":false},"version":2}},"categories":[8,37],"tags":[],"class_list":["post-15213","post","type-post","status-publish","format-standard","has-post-thumbnail","hentry","category-policiales","category-resistencia"],"jetpack_publicize_connections":[],"jetpack_featured_media_url":"https:\/\/portalmovil.com.ar\/wp-content\/uploads\/2020\/11\/centro.jpg","jetpack_sharing_enabled":true,"amp_enabled":true,"_links":{"self":[{"href":"https:\/\/portalmovil.com.ar\/index.php\/wp-json\/wp\/v2\/posts\/15213","targetHints":{"allow":["GET"]}}],"collection":[{"href":"https:\/\/portalmovil.com.ar\/index.php\/wp-json\/wp\/v2\/posts"}],"about":[{"href":"https:\/\/portalmovil.com.ar\/index.php\/wp-json\/wp\/v2\/types\/post"}],"author":[{"embeddable":true,"href":"https:\/\/portalmovil.com.ar\/index.php\/wp-json\/wp\/v2\/users\/2"}],"replies":[{"embeddable":true,"href":"https:\/\/portalmovil.com.ar\/index.php\/wp-json\/wp\/v2\/comments?post=15213"}],"version-history":[{"count":1,"href":"https:\/\/portalmovil.com.ar\/index.php\/wp-json\/wp\/v2\/posts\/15213\/revisions"}],"predecessor-version":[{"id":15215,"href":"https:\/\/portalmovil.com.ar\/index.php\/wp-json\/wp\/v2\/posts\/15213\/revisions\/15215"}],"wp:featuredmedia":[{"embeddable":true,"href":"https:\/\/portalmovil.com.ar\/index.php\/wp-json\/wp\/v2\/media\/15214"}],"wp:attachment":[{"href":"https:\/\/portalmovil.com.ar\/index.php\/wp-json\/wp\/v2\/media?parent=15213"}],"wp:term":[{"taxonomy":"category","embeddable":true,"href":"https:\/\/portalmovil.com.ar\/index.php\/wp-json\/wp\/v2\/categories?post=15213"},{"taxonomy":"post_tag","embeddable":true,"href":"https:\/\/portalmovil.com.ar\/index.php\/wp-json\/wp\/v2\/tags?post=15213"}],"curies":[{"name":"wp","href":"https:\/\/api.w.org\/{rel}","templated":true}]}}