{"id":15133,"date":"2020-11-06T21:12:08","date_gmt":"2020-11-07T00:12:08","guid":{"rendered":"https:\/\/portalmovil.com.ar\/?p=15133"},"modified":"2020-11-06T21:12:12","modified_gmt":"2020-11-07T00:12:12","slug":"capitanich-confirmo-el-paso-del-aislamiento-al-distanciamiento-social-en-toda-la-provincia","status":"publish","type":"post","link":"https:\/\/portalmovil.com.ar\/index.php\/2020\/11\/06\/capitanich-confirmo-el-paso-del-aislamiento-al-distanciamiento-social-en-toda-la-provincia\/","title":{"rendered":"Capitanich confirm\u00f3 el paso del Aislamiento al Distanciamiento Social en toda la provincia"},"content":{"rendered":"\n<p>El gobernador Jorge Capitanich confirm\u00f3 hoy que, en coordinaci\u00f3n con lo determinado por la Naci\u00f3n y tras una charla con el jefe de Gabinete, Santiago Cafiero, todos los departamentos del Chaco pasar\u00e1n del Aislamiento Social, Preventivo y Obligatorio (ASPO) al Distanciamiento Social, Preventivo y Obligatorio (DISPO) en el marco de la pandemia por COVID-19.\u00a0<\/p>\n\n\n\n<p>En la pr\u00e1ctica, esto significa que, de acuerdo al grado de circulaci\u00f3n comunitaria del virus, cada distrito tendr\u00e1 la potestad de decidir las aperturas y restricciones, siempre con la atenci\u00f3n puesta en la operatividad del sistema sanitario de cada lugar.<\/p>\n\n\n\n<p>\u00abYa no hacemos la ronda con el presidente de la Naci\u00f3n, porque \u00e9l charla con los gobernadores de las provincias m\u00e1s cr\u00edticas y nosotros salimos de ese grupo hace 12 semanas, aproximadamente, en virtud de la mejora sustancial de los indicadores\u00bb, detall\u00f3.&nbsp;<\/p>\n\n\n\n<p>De cara a lo que viene y tras el anuncio de la adquisici\u00f3n de 25 millones de dosis de la vacuna rusa contra el coronavirus, Capitanich entendi\u00f3 que es \u00abperfectamente posible\u00bb la instrumentaci\u00f3n de un cronograma de aplicaci\u00f3n. <\/p>\n\n\n\n<p>\u00abTenemos un sistema de vacunaci\u00f3n y una red de vacunatorio, adem\u00e1s de un plan de asignaci\u00f3n conforme a las prioridades: la prioridad m\u00e1xima estar\u00e1 en el personal\u00a0 de salud y las personas que constituyen los grupos de riesgo; el resto, en los que el virus tiene menor impacto relativo no tendr\u00e1n la primera prioridad\u00bb, anticip\u00f3 en di\u00e1logo con el programa radial Tiempo de Crecer de Radio Provincia.\u00a0<\/p>\n\n\n\n<p>El mandatario indic\u00f3 que en la provincia, el grupo prioritario calculado est\u00e1 compuesto por alrededor de 200.000 personas.\u00a0<\/p>\n\n\n\n<p>A su vez, el gobernador tambi\u00e9n reflexion\u00f3 sobre la tesitura tomada por algunos sectores y dirigentes de la oposici\u00f3n que cuestionan de manera radical las estrategias y definiciones adoptadas por la provincia para enfrentar la pandemia de coronavirus.\u00a0<\/p>\n\n\n\n<p>Capitanich admiti\u00f3 que el sistema de salud \u00abtiene sus inconvenientes\u00bb, pero repar\u00f3 en el hecho de que el \u00ab30% del personal\u00bb tom\u00f3 licencias por pertenecer a los grupos de riesgo y remarc\u00f3 que el Estado tiene que gastar 1700 millones de pesos m\u00e1s para atender la emergencia sanitaria. <\/p>\n\n\n\n<p>\u00abEl m\u00e9todo Detectar, Aislar y Cuidar puede ser muy f\u00e1cil de enunciar; pero para llevarlo a la pr\u00e1ctica hay que organizar: para detectar es necesario tener abordaje territorial y es implica capacitaci\u00f3n de personas; y eso tiene que cumplirse en los 69 municipios; hay que entrenar al sistema sanitario y fortalecer la red de la atenci\u00f3n primaria de la salud, entre muchas otras cuestiones\u00bb, destac\u00f3.<\/p>\n\n\n\n<p>El mandatario marc\u00f3 que tras las detecciones, hay que seguir a los contactos estrechos, y luego garantizar el aislamiento, con los controles respectivos; pero tambi\u00e9n cuando se trata de aislamiento comunitario, hay que garantizar camas en centros hospitalarios y no hospitalarios, con los enfermeros, mucamos, terapistas y un \u00abenorme plantel de personal para poder lograr los objetivos que planteamos\u00bb.\u00a0<\/p>\n\n\n\n<p>\u00abDedicamos mucho tiempo a la organizaci\u00f3n, a la eficiencia y al sistema de informaci\u00f3n estad\u00edstica, estuvimos entre las tres regiones, junto con la Ciudad de Buenos Aires y el AMBA, que tuvieron ataques muy virulentos del virus, pero as\u00ed y todos tuvimos menos casos si comparamos relativamente los n\u00fameros que la Capital Federal\u00bb, evalu\u00f3 Capitanich.\u00a0<\/p>\n","protected":false},"excerpt":{"rendered":"<p>El gobernador Jorge Capitanich confirm\u00f3 hoy que, en coordinaci\u00f3n con lo determinado por la Naci\u00f3n y tras una charla con el jefe de Gabinete, Santiago Cafiero, todos los departamentos del Chaco pasar\u00e1n del Aislamiento Social, Preventivo y Obligatorio (ASPO) al Distanciamiento Social, Preventivo y Obligatorio (DISPO) en el marco de la pandemia por COVID-19.\u00a0 En &hellip;<\/p>\n","protected":false},"author":2,"featured_media":10254,"comment_status":"open","ping_status":"open","sticky":false,"template":"","format":"standard","meta":{"_jetpack_memberships_contains_paid_content":false,"footnotes":"","jetpack_publicize_message":"","jetpack_publicize_feature_enabled":true,"jetpack_social_post_already_shared":true,"jetpack_social_options":{"image_generator_settings":{"template":"highway","default_image_id":0,"font":"","enabled":false},"version":2}},"categories":[5,12],"tags":[],"class_list":["post-15133","post","type-post","status-publish","format-standard","has-post-thumbnail","hentry","category-chaco","category-ultimo"],"jetpack_publicize_connections":[],"jetpack_featured_media_url":"https:\/\/portalmovil.com.ar\/wp-content\/uploads\/2020\/08\/e15063de-162a-4b24-830b-e3cc3c9b7598.jpg","jetpack_sharing_enabled":true,"amp_enabled":true,"_links":{"self":[{"href":"https:\/\/portalmovil.com.ar\/index.php\/wp-json\/wp\/v2\/posts\/15133","targetHints":{"allow":["GET"]}}],"collection":[{"href":"https:\/\/portalmovil.com.ar\/index.php\/wp-json\/wp\/v2\/posts"}],"about":[{"href":"https:\/\/portalmovil.com.ar\/index.php\/wp-json\/wp\/v2\/types\/post"}],"author":[{"embeddable":true,"href":"https:\/\/portalmovil.com.ar\/index.php\/wp-json\/wp\/v2\/users\/2"}],"replies":[{"embeddable":true,"href":"https:\/\/portalmovil.com.ar\/index.php\/wp-json\/wp\/v2\/comments?post=15133"}],"version-history":[{"count":1,"href":"https:\/\/portalmovil.com.ar\/index.php\/wp-json\/wp\/v2\/posts\/15133\/revisions"}],"predecessor-version":[{"id":15134,"href":"https:\/\/portalmovil.com.ar\/index.php\/wp-json\/wp\/v2\/posts\/15133\/revisions\/15134"}],"wp:featuredmedia":[{"embeddable":true,"href":"https:\/\/portalmovil.com.ar\/index.php\/wp-json\/wp\/v2\/media\/10254"}],"wp:attachment":[{"href":"https:\/\/portalmovil.com.ar\/index.php\/wp-json\/wp\/v2\/media?parent=15133"}],"wp:term":[{"taxonomy":"category","embeddable":true,"href":"https:\/\/portalmovil.com.ar\/index.php\/wp-json\/wp\/v2\/categories?post=15133"},{"taxonomy":"post_tag","embeddable":true,"href":"https:\/\/portalmovil.com.ar\/index.php\/wp-json\/wp\/v2\/tags?post=15133"}],"curies":[{"name":"wp","href":"https:\/\/api.w.org\/{rel}","templated":true}]}}