{"id":14995,"date":"2020-11-04T09:36:44","date_gmt":"2020-11-04T12:36:44","guid":{"rendered":"https:\/\/portalmovil.com.ar\/?p=14995"},"modified":"2020-11-04T09:40:29","modified_gmt":"2020-11-04T12:40:29","slug":"fernandez-anunciara-la-construccion-de-300-centros-de-desarrollo-infantil","status":"publish","type":"post","link":"https:\/\/portalmovil.com.ar\/index.php\/2020\/11\/04\/fernandez-anunciara-la-construccion-de-300-centros-de-desarrollo-infantil\/","title":{"rendered":"Fern\u00e1ndez anunciar\u00e1 la construcci\u00f3n de 300 centros de desarrollo infantil"},"content":{"rendered":"\n<p>El presidente Alberto Fern\u00e1ndez anunciar\u00e1 este mi\u00e9rcoles en Casa Rosada la construcci\u00f3n de 300 centros de desarrollo infantil.<\/p>\n\n\n\n<p>La actividad est\u00e1 prevista para las 11.30, seg\u00fan consign\u00f3 Presidencia.<\/p>\n\n\n\n<p>Los centros de desarrollo infantil atienden en forma integral a los ni\u00f1os hasta los 4 a\u00f1os de edad y trabajan para que las familias y la comunidad protejan los derechos de los ni\u00f1os.<\/p>\n","protected":false},"excerpt":{"rendered":"<p>El presidente Alberto Fern\u00e1ndez anunciar\u00e1 este mi\u00e9rcoles en Casa Rosada la construcci\u00f3n de 300 centros de desarrollo infantil. La actividad est\u00e1 prevista para las 11.30, seg\u00fan consign\u00f3 Presidencia. Los centros de desarrollo infantil atienden en forma integral a los ni\u00f1os hasta los 4 a\u00f1os de edad y trabajan para que las familias y la comunidad &hellip;<\/p>\n","protected":false},"author":2,"featured_media":14997,"comment_status":"open","ping_status":"open","sticky":false,"template":"","format":"standard","meta":{"_jetpack_memberships_contains_paid_content":false,"footnotes":"","jetpack_publicize_message":"","jetpack_publicize_feature_enabled":true,"jetpack_social_post_already_shared":true,"jetpack_social_options":{"image_generator_settings":{"template":"highway","default_image_id":0,"font":"","enabled":false},"version":2}},"categories":[34],"tags":[419,420],"class_list":["post-14995","post","type-post","status-publish","format-standard","has-post-thumbnail","hentry","category-nacional","tag-agenda","tag-anuncios"],"jetpack_publicize_connections":[],"jetpack_featured_media_url":"https:\/\/portalmovil.com.ar\/wp-content\/uploads\/2020\/11\/b5001c65-a7a5-40d5-9f74-26fb7c05ba59.jpg","jetpack_sharing_enabled":true,"amp_enabled":true,"_links":{"self":[{"href":"https:\/\/portalmovil.com.ar\/index.php\/wp-json\/wp\/v2\/posts\/14995","targetHints":{"allow":["GET"]}}],"collection":[{"href":"https:\/\/portalmovil.com.ar\/index.php\/wp-json\/wp\/v2\/posts"}],"about":[{"href":"https:\/\/portalmovil.com.ar\/index.php\/wp-json\/wp\/v2\/types\/post"}],"author":[{"embeddable":true,"href":"https:\/\/portalmovil.com.ar\/index.php\/wp-json\/wp\/v2\/users\/2"}],"replies":[{"embeddable":true,"href":"https:\/\/portalmovil.com.ar\/index.php\/wp-json\/wp\/v2\/comments?post=14995"}],"version-history":[{"count":1,"href":"https:\/\/portalmovil.com.ar\/index.php\/wp-json\/wp\/v2\/posts\/14995\/revisions"}],"predecessor-version":[{"id":14996,"href":"https:\/\/portalmovil.com.ar\/index.php\/wp-json\/wp\/v2\/posts\/14995\/revisions\/14996"}],"wp:featuredmedia":[{"embeddable":true,"href":"https:\/\/portalmovil.com.ar\/index.php\/wp-json\/wp\/v2\/media\/14997"}],"wp:attachment":[{"href":"https:\/\/portalmovil.com.ar\/index.php\/wp-json\/wp\/v2\/media?parent=14995"}],"wp:term":[{"taxonomy":"category","embeddable":true,"href":"https:\/\/portalmovil.com.ar\/index.php\/wp-json\/wp\/v2\/categories?post=14995"},{"taxonomy":"post_tag","embeddable":true,"href":"https:\/\/portalmovil.com.ar\/index.php\/wp-json\/wp\/v2\/tags?post=14995"}],"curies":[{"name":"wp","href":"https:\/\/api.w.org\/{rel}","templated":true}]}}