{"id":1494,"date":"2020-02-06T23:48:19","date_gmt":"2020-02-07T02:48:19","guid":{"rendered":"http:\/\/portalmovil.com.ar\/?p=1494"},"modified":"2020-02-06T23:48:27","modified_gmt":"2020-02-07T02:48:27","slug":"donald-trump-apoyara-a-argentina-en-la-renegociacion-de-la-deuda","status":"publish","type":"post","link":"https:\/\/portalmovil.com.ar\/index.php\/2020\/02\/06\/donald-trump-apoyara-a-argentina-en-la-renegociacion-de-la-deuda\/","title":{"rendered":"Donald Trump apoyar\u00e1 a Argentina en la renegociaci\u00f3n de la deuda"},"content":{"rendered":"\n<p>J<strong>orge Arg\u00fcello<\/strong>\u00a0se present\u00f3 este jueves\u00a0<strong>oficialmente\u00a0<\/strong>como\u00a0<strong>embajador argentino en Washington\u00a0<\/strong>en un encuentro que mantuvo en el sal\u00f3n Oval de la Casa Blanca, con el presidente<strong>\u00a0Donald Trump<\/strong>, quien, seg\u00fan el mismo diplom\u00e1tico\u00a0hizo saber,\u00a0<strong>le garantiz\u00f3 el apoyo de Estados Unidos a la Argentina en la renegociaci\u00f3n de la deuda<\/strong>\u00a0p\u00fablica en d\u00f3lares, que es la obsesi\u00f3n del gobierno de\u00a0<strong>Alberto Fern\u00e1ndez<\/strong>.<\/p>\n\n\n\n<p>Seg\u00fan cont\u00f3 el flamante embajador a corresponsales argentinos en Washington,&nbsp;<strong>ni bien entr\u00f3 a la oficina, Trump le pregunt\u00f3 c\u00f3mo estaba la Argentina<\/strong>, a lo que el embajador argentino respondi\u00f3: \u201c<strong>Estamos haciendo un esfuerzo<\/strong>&nbsp;para tener el mismo resultado que se observa en Estados Unidos sobre al crecimiento de la econom\u00eda y los niveles de alto empleo\u201d.<\/p>\n\n\n\n<figure class=\"wp-block-image size-large\"><img loading=\"lazy\" decoding=\"async\" width=\"659\" height=\"364\" src=\"https:\/\/portalmovil.com.ar\/wp-content\/uploads\/2020\/02\/20181219214738_35691176_0_body.jpg\" alt=\"\" class=\"wp-image-1495\" srcset=\"https:\/\/portalmovil.com.ar\/wp-content\/uploads\/2020\/02\/20181219214738_35691176_0_body.jpg 659w, https:\/\/portalmovil.com.ar\/wp-content\/uploads\/2020\/02\/20181219214738_35691176_0_body-300x166.jpg 300w\" sizes=\"auto, (max-width: 659px) 100vw, 659px\" \/><\/figure>\n\n\n\n<p>Y continu\u00f3: \u201c<strong>Nuestro objetivo estrat\u00e9gico es volver a crecer.&nbsp;<\/strong>Y para eso necesitamos primero resolver la crisis de la deuda. Ac\u00e1 me quiero detener, presidente, porque&nbsp;<strong>nuestro pa\u00eds precisa el apoyo de su gobierno<\/strong>\u201d.<\/p>\n\n\n\n<p>Y fue entonces cuando Trump le contest\u00f3: \u201c<strong>D\u00edgale al presidente Fern\u00e1ndez que puede contar con este presidente<\/strong>\u201d.<\/p>\n\n\n\n<p>Fern\u00e1ndez realiz\u00f3 esta semana una\u00a0<strong>gira por Europa<\/strong>, donde consigui\u00f3 el\u00a0<strong>apoyo del Vaticano, Italia, Francia, Espa\u00f1a y Alemania\u00a0<\/strong>a las gestiones para la reestructuraci\u00f3n de la deuda que encabeza el ministro de Econom\u00eda,\u00a0<strong>Mart\u00edn Guzm\u00e1n<\/strong>, quien adem\u00e1s\u00a0<strong>se reuni\u00f3 con la directora gerenta del Fondo Monetario Internacional (FMI), Kristalina Georgieva,<\/strong>\u00a0quien remarc\u00f3 que la\u00a0<strong>posici\u00f3n\u00a0<\/strong>del organismo ser\u00eda\u00a0<strong>constructiva\u00a0<\/strong>para encontrar una soluci\u00f3n a la crisis de deuda.<\/p>\n\n\n\n<p>Faltaba&nbsp;entonces,<strong>&nbsp;Estados Unidos, que tiene un peso decisivo<\/strong>, por su poder de voto en el directorio del FMI. Por eso las palabras de Trump que reprodujo Arg\u00fcello en su conversaci\u00f3n en la Casa Blanca podr\u00edan&nbsp;<strong>impactar positivamente sobre los mercados este viernes<\/strong>, adem\u00e1s de abonar el terreno para las negociaciones inmediatas.<\/p>\n\n\n\n<p>En ese marco, el embajador de Estados Unidos en Buenos Aires,&nbsp;<strong>Edward Prado<\/strong>, le dio la bienvenida formal a Arg\u00fcello, y dijo que continuar\u00e1 el trabajo en temas de inter\u00e9s com\u00fan y en el \u201cfortalecimiento de la relaci\u00f3n\u201d bilateral.<\/p>\n\n\n\n<p>Arg\u00fcello, quien el mes pasado recibi\u00f3 el placet de parte del gobierno de Trump, ya fue embajador en Estados Unidos de 2011 a 2013. \u201cBienvenido, Jorge Arg\u00fcello, a mi pa\u00eds. Continuaremos trabajando en temas de inter\u00e9s mutuo y en el fortalecimiento de la relaci\u00f3n\u201d, dijo el diplom\u00e1tico norteamericano en su cuenta de Twitter.<\/p>\n","protected":false},"excerpt":{"rendered":"<p>Jorge Arg\u00fcello\u00a0se present\u00f3 este jueves\u00a0oficialmente\u00a0como\u00a0embajador argentino en Washington\u00a0en un encuentro que mantuvo en el sal\u00f3n Oval de la Casa Blanca, con el presidente\u00a0Donald Trump, quien, seg\u00fan el mismo diplom\u00e1tico\u00a0hizo saber,\u00a0le garantiz\u00f3 el apoyo de Estados Unidos a la Argentina en la renegociaci\u00f3n de la deuda\u00a0p\u00fablica en d\u00f3lares, que es la obsesi\u00f3n del gobierno de\u00a0Alberto Fern\u00e1ndez. &hellip;<\/p>\n","protected":false},"author":2,"featured_media":1496,"comment_status":"open","ping_status":"open","sticky":false,"template":"","format":"standard","meta":{"_jetpack_memberships_contains_paid_content":false,"footnotes":"","jetpack_publicize_message":"","jetpack_publicize_feature_enabled":true,"jetpack_social_post_already_shared":true,"jetpack_social_options":{"image_generator_settings":{"template":"highway","default_image_id":0,"font":"","enabled":false},"version":2}},"categories":[17,12],"tags":[],"class_list":["post-1494","post","type-post","status-publish","format-standard","has-post-thumbnail","hentry","category-mundo","category-ultimo"],"jetpack_publicize_connections":[],"jetpack_featured_media_url":"https:\/\/portalmovil.com.ar\/wp-content\/uploads\/2020\/02\/Trump-9.jpg","jetpack_sharing_enabled":true,"amp_enabled":true,"_links":{"self":[{"href":"https:\/\/portalmovil.com.ar\/index.php\/wp-json\/wp\/v2\/posts\/1494","targetHints":{"allow":["GET"]}}],"collection":[{"href":"https:\/\/portalmovil.com.ar\/index.php\/wp-json\/wp\/v2\/posts"}],"about":[{"href":"https:\/\/portalmovil.com.ar\/index.php\/wp-json\/wp\/v2\/types\/post"}],"author":[{"embeddable":true,"href":"https:\/\/portalmovil.com.ar\/index.php\/wp-json\/wp\/v2\/users\/2"}],"replies":[{"embeddable":true,"href":"https:\/\/portalmovil.com.ar\/index.php\/wp-json\/wp\/v2\/comments?post=1494"}],"version-history":[{"count":1,"href":"https:\/\/portalmovil.com.ar\/index.php\/wp-json\/wp\/v2\/posts\/1494\/revisions"}],"predecessor-version":[{"id":1497,"href":"https:\/\/portalmovil.com.ar\/index.php\/wp-json\/wp\/v2\/posts\/1494\/revisions\/1497"}],"wp:featuredmedia":[{"embeddable":true,"href":"https:\/\/portalmovil.com.ar\/index.php\/wp-json\/wp\/v2\/media\/1496"}],"wp:attachment":[{"href":"https:\/\/portalmovil.com.ar\/index.php\/wp-json\/wp\/v2\/media?parent=1494"}],"wp:term":[{"taxonomy":"category","embeddable":true,"href":"https:\/\/portalmovil.com.ar\/index.php\/wp-json\/wp\/v2\/categories?post=1494"},{"taxonomy":"post_tag","embeddable":true,"href":"https:\/\/portalmovil.com.ar\/index.php\/wp-json\/wp\/v2\/tags?post=1494"}],"curies":[{"name":"wp","href":"https:\/\/api.w.org\/{rel}","templated":true}]}}