{"id":14937,"date":"2020-11-03T10:11:52","date_gmt":"2020-11-03T13:11:52","guid":{"rendered":"https:\/\/portalmovil.com.ar\/?p=14937"},"modified":"2020-11-03T10:11:55","modified_gmt":"2020-11-03T13:11:55","slug":"para-sager-el-estado-prioriza-la-equidad-social-y-la-sustentabilidad-del-sistema-sanitario","status":"publish","type":"post","link":"https:\/\/portalmovil.com.ar\/index.php\/2020\/11\/03\/para-sager-el-estado-prioriza-la-equidad-social-y-la-sustentabilidad-del-sistema-sanitario\/","title":{"rendered":"Para Sager, el \u00abestado prioriza la equidad social y la sustentabilidad del sistema sanitario\u00bb"},"content":{"rendered":"\n<p>\u201cEl Gobierno del Chaco est\u00e1 dando respuestas permanentemente, con esfuerzos econ\u00f3micos propios y acompa\u00f1amiento crediticio internacional, con foco en mejorar las condiciones del sistema sanitario\u201d, destac\u00f3 el presidente del Poder Legislativo, Hugo Sager, al referirse al contrato suscripto por el gobernador Jorge Capitanich para el pr\u00e9stamo que desembolsar\u00e1 el Fondo Financiero para el Desarrollo de la Cuenca del Plata (Fonplata).<\/p>\n\n\n\n<p>Se trata de un acuerdo que establece el aporte de 40 millones de d\u00f3lares que, junto a fondos provinciales, permitir\u00e1 concretar una inversi\u00f3n de 54.680.000 d\u00f3lares, destinada a ejecutar la ampliaci\u00f3n del Hospital Perrando y a realizar mejoras edilicias en centros de salud de 17 localidades de la provincia.<\/p>\n\n\n\n<p>En este sentido, el diputado asegur\u00f3 que \u201ces una enorme satisfacci\u00f3n que el gobierno provincial, con el respaldo del presidente Alberto Fern\u00e1ndez, avanzara en la financiaci\u00f3n para fortalecer la capacidad instalada del sistema sanitario y hacer frente desde all\u00ed, a la pandemia de coronavirus\u201d.<\/p>\n\n\n\n<p>\u201cLas transformaciones que han logrado tanto N\u00e9stor como Cristina Kirchner han sido una reivindicaci\u00f3n hist\u00f3rica para nuestra provincia, siendo un claro ejemplo el nuevo edificio del hospital Pedi\u00e1trico, una obra emblem\u00e1tica en ese momento para los chaque\u00f1os\u201d, record\u00f3 Sager, refiri\u00e9ndose a esta etapa en la que hubo una fuerte puesta en valor en mejorar la infraestructura sanitaria en nuestra provincia.<\/p>\n\n\n\n<p>Asimismo, valor\u00f3 el accionar del presidente Fern\u00e1ndez que, desde su primer d\u00eda de gesti\u00f3n, se opuso a la decisi\u00f3n del gobierno de Mauricio Macri de eliminar el rango de Ministerio, \u201cdesfinanciando la cobertura de prestaciones m\u00e9dicas, y convirti\u00e9ndolo en una Secretar\u00eda, y luego volvi\u00f3 a una categor\u00eda ministerial\u201d, se\u00f1al\u00f3 Sager.<\/p>\n\n\n\n<p>\u201cEstos anuncios de gran importancia demuestran que existe un Estado que prioriza la equidad social y la sustentabilidad del sistema sanitario\u201d, subray\u00f3 el legislador.<\/p>\n","protected":false},"excerpt":{"rendered":"<p>\u201cEl Gobierno del Chaco est\u00e1 dando respuestas permanentemente, con esfuerzos econ\u00f3micos propios y acompa\u00f1amiento crediticio internacional, con foco en mejorar las condiciones del sistema sanitario\u201d, destac\u00f3 el presidente del Poder Legislativo, Hugo Sager, al referirse al contrato suscripto por el gobernador Jorge Capitanich para el pr\u00e9stamo que desembolsar\u00e1 el Fondo Financiero para el Desarrollo de &hellip;<\/p>\n","protected":false},"author":2,"featured_media":14938,"comment_status":"open","ping_status":"open","sticky":false,"template":"","format":"standard","meta":{"_jetpack_memberships_contains_paid_content":false,"footnotes":"","jetpack_publicize_message":"","jetpack_publicize_feature_enabled":true,"jetpack_social_post_already_shared":true,"jetpack_social_options":{"image_generator_settings":{"template":"highway","default_image_id":0,"font":"","enabled":false},"version":2}},"categories":[5,14],"tags":[],"class_list":["post-14937","post","type-post","status-publish","format-standard","has-post-thumbnail","hentry","category-chaco","category-politica"],"jetpack_publicize_connections":[],"jetpack_featured_media_url":"https:\/\/portalmovil.com.ar\/wp-content\/uploads\/2020\/11\/14D50F9C-9236-43A7-BF78-57255CE3C069.jpg","jetpack_sharing_enabled":true,"amp_enabled":true,"_links":{"self":[{"href":"https:\/\/portalmovil.com.ar\/index.php\/wp-json\/wp\/v2\/posts\/14937","targetHints":{"allow":["GET"]}}],"collection":[{"href":"https:\/\/portalmovil.com.ar\/index.php\/wp-json\/wp\/v2\/posts"}],"about":[{"href":"https:\/\/portalmovil.com.ar\/index.php\/wp-json\/wp\/v2\/types\/post"}],"author":[{"embeddable":true,"href":"https:\/\/portalmovil.com.ar\/index.php\/wp-json\/wp\/v2\/users\/2"}],"replies":[{"embeddable":true,"href":"https:\/\/portalmovil.com.ar\/index.php\/wp-json\/wp\/v2\/comments?post=14937"}],"version-history":[{"count":1,"href":"https:\/\/portalmovil.com.ar\/index.php\/wp-json\/wp\/v2\/posts\/14937\/revisions"}],"predecessor-version":[{"id":14939,"href":"https:\/\/portalmovil.com.ar\/index.php\/wp-json\/wp\/v2\/posts\/14937\/revisions\/14939"}],"wp:featuredmedia":[{"embeddable":true,"href":"https:\/\/portalmovil.com.ar\/index.php\/wp-json\/wp\/v2\/media\/14938"}],"wp:attachment":[{"href":"https:\/\/portalmovil.com.ar\/index.php\/wp-json\/wp\/v2\/media?parent=14937"}],"wp:term":[{"taxonomy":"category","embeddable":true,"href":"https:\/\/portalmovil.com.ar\/index.php\/wp-json\/wp\/v2\/categories?post=14937"},{"taxonomy":"post_tag","embeddable":true,"href":"https:\/\/portalmovil.com.ar\/index.php\/wp-json\/wp\/v2\/tags?post=14937"}],"curies":[{"name":"wp","href":"https:\/\/api.w.org\/{rel}","templated":true}]}}