{"id":14868,"date":"2020-11-01T19:51:59","date_gmt":"2020-11-01T22:51:59","guid":{"rendered":"https:\/\/portalmovil.com.ar\/?p=14868"},"modified":"2020-11-01T19:52:01","modified_gmt":"2020-11-01T22:52:01","slug":"segun-capitanich-se-redujeron-los-casos-de-coronavirus-en-resistencia","status":"publish","type":"post","link":"https:\/\/portalmovil.com.ar\/index.php\/2020\/11\/01\/segun-capitanich-se-redujeron-los-casos-de-coronavirus-en-resistencia\/","title":{"rendered":"Seg\u00fan Capitanich, se redujeron los casos de coronavirus en Resistencia"},"content":{"rendered":"\n<p>El gobernador Jorge Capitanich asegur\u00f3 este domingo que se registra una \u00ab<strong>tendencia decreciente<\/strong>\u00bb de casos de coronavirus en Resistencia y el \u00e1rea metropolitana, ya que en la actualidad<strong> s\u00f3lo el 29 por ciento corresponde a la capital provincial<\/strong>, mientras que en los primeros meses de la pandemia concentraba el 97% de las personas infectadas por la Covid-19<\/p>\n\n\n\n<p>Capitanich se\u00f1al\u00f3 que se est\u00e1n \u00ab<strong>registrando unos 150 casos positivos en promedio de los 1.000 testeos diarios<\/strong>\u00ab.<\/p>\n\n\n\n<p>En declaraciones a <strong><em>Radio Continental<\/em><\/strong>,\u00a0indic\u00f3 que para poder reducir los casos fue central \u00abla tarea preventiva realizada en sanatorios y geri\u00e1tricos\u00bb\u00a0y dijo que en el personal de salud \u00abse registraron 1.500 casos\u00bb de los 13.500 y que la \u00abmayor\u00eda super\u00f3 la enfermedad\u00bb.<\/p>\n\n\n\n<p>Asimismo,\u00a0el mandatario chaque\u00f1o se\u00f1al\u00f3 que en la primera etapa de la pandemia \u00abel 97 por ciento de los casos se produc\u00edan en el \u00e1rea metropolitana de la provincia donde hab\u00eda circulado mucho el virus, en especial en el macrocentro, y en la actualidad solo el 29 por ciento est\u00e1 en Resistencia y el 71 en el interior de la provincia\u00bb<\/p>\n\n\n\n<p>Tambi\u00e9n asegur\u00f3 que\u00a0el sistema pudo afrontar sin dificultad la atenci\u00f3n de casos graves ya que \u00abs\u00f3lo se us\u00f3 el 18 por ciento de las terapias intensivas\u00bb\u00a0y que la pol\u00edtica p\u00fablica \u00absanitaria activa\u00bb para detectar los casos y aislarlos dej\u00f3 de lado la \u00abrestricci\u00f3n total y por eso se utiliza la restricci\u00f3n parcial en los lugares que son necesarios\u00bb.<\/p>\n\n\n\n<p>Adem\u00e1s,\u00a0el gobernador record\u00f3 que comenzar\u00e1 a funcionar el transporte de media distancia en la provincia con \u00abuna ocupaci\u00f3n del 60 por ciento\u00bb y en el caso de los vuelos ser\u00e1 del 100 por ciento y que en los dos casos se deben pedir la autorizaci\u00f3n en el programa \u00abVolver a Casa\u00bb.<\/p>\n","protected":false},"excerpt":{"rendered":"<p>El gobernador Jorge Capitanich asegur\u00f3 este domingo que se registra una \u00abtendencia decreciente\u00bb de casos de coronavirus en Resistencia y el \u00e1rea metropolitana, ya que en la actualidad s\u00f3lo el 29 por ciento corresponde a la capital provincial, mientras que en los primeros meses de la pandemia concentraba el 97% de las personas infectadas por &hellip;<\/p>\n","protected":false},"author":2,"featured_media":13423,"comment_status":"open","ping_status":"open","sticky":false,"template":"","format":"standard","meta":{"_jetpack_memberships_contains_paid_content":false,"footnotes":"","jetpack_publicize_message":"","jetpack_publicize_feature_enabled":true,"jetpack_social_post_already_shared":true,"jetpack_social_options":{"image_generator_settings":{"template":"highway","default_image_id":0,"font":"","enabled":false},"version":2}},"categories":[5,14],"tags":[],"class_list":["post-14868","post","type-post","status-publish","format-standard","has-post-thumbnail","hentry","category-chaco","category-politica"],"jetpack_publicize_connections":[],"jetpack_featured_media_url":"https:\/\/portalmovil.com.ar\/wp-content\/uploads\/2020\/10\/capitanich-1.jpg","jetpack_sharing_enabled":true,"amp_enabled":true,"_links":{"self":[{"href":"https:\/\/portalmovil.com.ar\/index.php\/wp-json\/wp\/v2\/posts\/14868","targetHints":{"allow":["GET"]}}],"collection":[{"href":"https:\/\/portalmovil.com.ar\/index.php\/wp-json\/wp\/v2\/posts"}],"about":[{"href":"https:\/\/portalmovil.com.ar\/index.php\/wp-json\/wp\/v2\/types\/post"}],"author":[{"embeddable":true,"href":"https:\/\/portalmovil.com.ar\/index.php\/wp-json\/wp\/v2\/users\/2"}],"replies":[{"embeddable":true,"href":"https:\/\/portalmovil.com.ar\/index.php\/wp-json\/wp\/v2\/comments?post=14868"}],"version-history":[{"count":1,"href":"https:\/\/portalmovil.com.ar\/index.php\/wp-json\/wp\/v2\/posts\/14868\/revisions"}],"predecessor-version":[{"id":14869,"href":"https:\/\/portalmovil.com.ar\/index.php\/wp-json\/wp\/v2\/posts\/14868\/revisions\/14869"}],"wp:featuredmedia":[{"embeddable":true,"href":"https:\/\/portalmovil.com.ar\/index.php\/wp-json\/wp\/v2\/media\/13423"}],"wp:attachment":[{"href":"https:\/\/portalmovil.com.ar\/index.php\/wp-json\/wp\/v2\/media?parent=14868"}],"wp:term":[{"taxonomy":"category","embeddable":true,"href":"https:\/\/portalmovil.com.ar\/index.php\/wp-json\/wp\/v2\/categories?post=14868"},{"taxonomy":"post_tag","embeddable":true,"href":"https:\/\/portalmovil.com.ar\/index.php\/wp-json\/wp\/v2\/tags?post=14868"}],"curies":[{"name":"wp","href":"https:\/\/api.w.org\/{rel}","templated":true}]}}