{"id":14800,"date":"2020-10-29T16:41:36","date_gmt":"2020-10-29T19:41:36","guid":{"rendered":"https:\/\/portalmovil.com.ar\/?p=14800"},"modified":"2020-10-29T16:41:40","modified_gmt":"2020-10-29T19:41:40","slug":"la-iglesia-comunico-que-no-avala-la-toma-de-tierras-es-un-delito","status":"publish","type":"post","link":"https:\/\/portalmovil.com.ar\/index.php\/2020\/10\/29\/la-iglesia-comunico-que-no-avala-la-toma-de-tierras-es-un-delito\/","title":{"rendered":"La Iglesia comunic\u00f3 que no avala la toma de tierras: \u00abEs un delito\u00bb"},"content":{"rendered":"\n<p>La&nbsp;<strong>Conferencia Episcopal Argentina<\/strong>&nbsp;(CEA) sostuvo este jueves que&nbsp;<strong>la Iglesia cat\u00f3lica \u00abno avala las tomas\u00bb de tierra<\/strong>, que \u00abnada justifica la intrusi\u00f3n y la violencia a costa de la vida y los derechos de los dem\u00e1s\u00bb y plante\u00f3 que, \u00abm\u00e1s que nunca, se hace necesario&nbsp;<strong>un Estado presente que se haga responsable de pol\u00edticas proactivas<\/strong>&nbsp;en materia de acceso a la vivienda y al trabajo digno\u00bb.<\/p>\n\n\n\n<p>\u00ab<strong>En estos d\u00edas de extrema vulnerabilidad&nbsp;<\/strong>se repite con dolorosa frecuencia la toma de tierras, un fen\u00f3meno conocido en la Argentina\u00bb, comienza el texto<strong>&nbsp;\u00abDel Se\u00f1or es la tierra\u00bb<\/strong>, difundido por la comisi\u00f3n ejecutiva de la CEA, encabezada por el obispo de San Isidro, monse\u00f1or&nbsp;<strong>Oscar Ojea<\/strong>, y el cardenal&nbsp;<strong>Mario Aurelio Poli<\/strong>.<\/p>\n\n\n\n<p>Las autoridades episcopales aclararon que \u00abnada justifica la intrusi\u00f3n y la violencia a costa de la vida y los derechos de los dem\u00e1s\u00bb, y ratificaron: \u00abLa Iglesia no avala las tomas. Son ocasi\u00f3n de violencia y agitaci\u00f3n social, muchas veces incentivadas\u00bb.<\/p>\n\n\n\n<p>\u00abMucho menos aceptable es el oportunismo de quienes se aprovechan de la extrema necesidad de los m\u00e1s pobres para usarlos en funci\u00f3n de sus propias ganancias y clientelismo pol\u00edtico\u00bb, advierten.<\/p>\n\n\n\n<p>\u00abEn estas horas dram\u00e1ticas confiamos en que una diligente intervenci\u00f3n de la Justicia evitar\u00eda escaladas de violencia entre las partes\u00bb, dijeron, para luego agregar que \u00abcon la autoridad de su mediaci\u00f3n, se facilitar\u00eda el di\u00e1logo con las autoridades proponiendo posibles alternativas para las familias pobres que verdaderamente necesiten un lugar para vivir\u00bb.<\/p>\n\n\n\n<p>Y concluyen: \u00abLos distintos niveles de gobierno, nacional, provincial y municipal deben velar por la seguridad de todos los habitantes y trabajar con todas sus energ\u00edas para desarmar las estrategias de aquellos que sacan ventaja de esta dolorosa situaci\u00f3n\u00bb.<\/p>\n","protected":false},"excerpt":{"rendered":"<p>La&nbsp;Conferencia Episcopal Argentina&nbsp;(CEA) sostuvo este jueves que&nbsp;la Iglesia cat\u00f3lica \u00abno avala las tomas\u00bb de tierra, que \u00abnada justifica la intrusi\u00f3n y la violencia a costa de la vida y los derechos de los dem\u00e1s\u00bb y plante\u00f3 que, \u00abm\u00e1s que nunca, se hace necesario&nbsp;un Estado presente que se haga responsable de pol\u00edticas proactivas&nbsp;en materia de acceso &hellip;<\/p>\n","protected":false},"author":2,"featured_media":14801,"comment_status":"open","ping_status":"open","sticky":false,"template":"","format":"standard","meta":{"_jetpack_memberships_contains_paid_content":false,"footnotes":"","jetpack_publicize_message":"","jetpack_publicize_feature_enabled":true,"jetpack_social_post_already_shared":true,"jetpack_social_options":{"image_generator_settings":{"template":"highway","default_image_id":0,"font":"","enabled":false},"version":2}},"categories":[3],"tags":[],"class_list":["post-14800","post","type-post","status-publish","format-standard","has-post-thumbnail","hentry","category-sociedad"],"jetpack_publicize_connections":[],"jetpack_featured_media_url":"https:\/\/portalmovil.com.ar\/wp-content\/uploads\/2020\/10\/obispo-Oscar-Ojea-presidente-Conferencia-Episcopal-Argentina-2017.jpg","jetpack_sharing_enabled":true,"amp_enabled":true,"_links":{"self":[{"href":"https:\/\/portalmovil.com.ar\/index.php\/wp-json\/wp\/v2\/posts\/14800","targetHints":{"allow":["GET"]}}],"collection":[{"href":"https:\/\/portalmovil.com.ar\/index.php\/wp-json\/wp\/v2\/posts"}],"about":[{"href":"https:\/\/portalmovil.com.ar\/index.php\/wp-json\/wp\/v2\/types\/post"}],"author":[{"embeddable":true,"href":"https:\/\/portalmovil.com.ar\/index.php\/wp-json\/wp\/v2\/users\/2"}],"replies":[{"embeddable":true,"href":"https:\/\/portalmovil.com.ar\/index.php\/wp-json\/wp\/v2\/comments?post=14800"}],"version-history":[{"count":1,"href":"https:\/\/portalmovil.com.ar\/index.php\/wp-json\/wp\/v2\/posts\/14800\/revisions"}],"predecessor-version":[{"id":14802,"href":"https:\/\/portalmovil.com.ar\/index.php\/wp-json\/wp\/v2\/posts\/14800\/revisions\/14802"}],"wp:featuredmedia":[{"embeddable":true,"href":"https:\/\/portalmovil.com.ar\/index.php\/wp-json\/wp\/v2\/media\/14801"}],"wp:attachment":[{"href":"https:\/\/portalmovil.com.ar\/index.php\/wp-json\/wp\/v2\/media?parent=14800"}],"wp:term":[{"taxonomy":"category","embeddable":true,"href":"https:\/\/portalmovil.com.ar\/index.php\/wp-json\/wp\/v2\/categories?post=14800"},{"taxonomy":"post_tag","embeddable":true,"href":"https:\/\/portalmovil.com.ar\/index.php\/wp-json\/wp\/v2\/tags?post=14800"}],"curies":[{"name":"wp","href":"https:\/\/api.w.org\/{rel}","templated":true}]}}