{"id":1475,"date":"2020-02-06T16:08:22","date_gmt":"2020-02-06T19:08:22","guid":{"rendered":"http:\/\/portalmovil.com.ar\/?p=1475"},"modified":"2020-02-06T16:08:32","modified_gmt":"2020-02-06T19:08:32","slug":"la-tarifa-de-la-electricidad-aumentara-en-los-proximos-meses","status":"publish","type":"post","link":"https:\/\/portalmovil.com.ar\/index.php\/2020\/02\/06\/la-tarifa-de-la-electricidad-aumentara-en-los-proximos-meses\/","title":{"rendered":"La tarifa de la electricidad aumentar\u00e1 en los pr\u00f3ximos meses"},"content":{"rendered":"\n<p>El colectivo no ser\u00e1 el \u00fanico servicio p\u00fablico que incremente su costo en esta parte del a\u00f1o, el de\u00a0<strong>energ\u00eda el\u00e9ctrica<\/strong>\u00a0tambi\u00e9n comenzar\u00e1 el proceso de\u00a0<strong>modificaci\u00f3n de su valor<\/strong>\u00a0ya que se conoci\u00f3 la convocatoria por parte de\u00a0Secheep\u00a0a la audiencia p\u00fablica para exponer su cuadro de situaci\u00f3n econ\u00f3mico financiera en lo que respecta a recursos para obras y gastos corrientes.<\/p>\n\n\n\n<p>La reuni\u00f3n&nbsp;<strong>se realizar\u00e1 el 6 de marzo<\/strong>, desde las 9, en el Sal\u00f3n Obligado de Casa de Gobierno, y se espera que el estudio de costos sea p\u00fablico en los pr\u00f3ximos d\u00edas en funci\u00f3n de las normativas que regulan las audiencias. \u201cLa tarifa se encuentra desactualizada y no cubre los costos propios de distribuci\u00f3n proyectados\u201d, se\u00f1ala el decreto de convocatoria y marca que el desfase se produce por el incremento que tuvo la energ\u00eda mayorista en los \u00faltimos a\u00f1os que no se traslad\u00f3 en la misma proporci\u00f3n a clientes. En concreto, se trata de la suba de lo que se conoce como Valor Agregado de Distribuci\u00f3n (VAD) que cubre todos los costos operativos y planes de obras que ejecute la empresa.<\/p>\n\n\n\n<p>Sin embargo, el valor del incremento que vaya a aplicarse ser\u00e1 el que defina el Ejecutivo desde una mirada similar a lo que ocurre con el transporte, que implica destinar compensaciones para buscar un equilibrio econ\u00f3mico. En este caso Secheep presentar\u00e1 lo que considera necesario para ser autosustentable y luego el Gobierno determinar\u00e1 si efect\u00faa aportes especiales como lo hace habitualmente o deja que el balance de ingresos y gastos se d\u00e9 \u00fanicamente por aumento tarifario.<\/p>\n\n\n\n<p>En la empresa provincial, todas las voces dan cuenta que no se cubrieron en los \u00faltimos a\u00f1os los aumentos que tuvieron los insumos, atados a la cotizaci\u00f3n del d\u00f3lar, que se dispar\u00f3 en los \u00faltimos a\u00f1os, como tambi\u00e9n los incrementos salariales que se dieron para los trabajadores. La situaci\u00f3n es tal hoy que el 90% de lo que se recauda por el VAD de un servicio que tiene una gran cantidad de morosos y muchas conexiones irregulares se destina a cancelar los haberes de los agentes quedando un peque\u00f1o margen para el desarrollo de trabajos de infraestructura.<\/p>\n\n\n\n<p>Algunas de las prioridades que se\u00f1alan desde la empresa, ubican a todo lo que comprende la zona Sur de Resistencia, cuya demanda se ver\u00eda aliviada cuando finalice la l\u00ednea de media tensi\u00f3n Puerto Bastiani-Vilelas, que hasta 2015 estaba ejecutada en un 82% y que la anterior gesti\u00f3n nacional no complet\u00f3.<\/p>\n\n\n\n<p>En baja tensi\u00f3n lo que preocupa es la cantidad de conexiones irregulares que recargan el sistema y que tambi\u00e9n representan un peligro para la integridad f\u00edsica de quienes aprovechan el servicio de forma ilegal.<\/p>\n","protected":false},"excerpt":{"rendered":"<p>El colectivo no ser\u00e1 el \u00fanico servicio p\u00fablico que incremente su costo en esta parte del a\u00f1o, el de\u00a0energ\u00eda el\u00e9ctrica\u00a0tambi\u00e9n comenzar\u00e1 el proceso de\u00a0modificaci\u00f3n de su valor\u00a0ya que se conoci\u00f3 la convocatoria por parte de\u00a0Secheep\u00a0a la audiencia p\u00fablica para exponer su cuadro de situaci\u00f3n econ\u00f3mico financiera en lo que respecta a recursos para obras y &hellip;<\/p>\n","protected":false},"author":2,"featured_media":1476,"comment_status":"open","ping_status":"open","sticky":false,"template":"","format":"standard","meta":{"_jetpack_memberships_contains_paid_content":false,"footnotes":"","jetpack_publicize_message":"","jetpack_publicize_feature_enabled":true,"jetpack_social_post_already_shared":true,"jetpack_social_options":{"image_generator_settings":{"template":"highway","default_image_id":0,"font":"","enabled":false},"version":2}},"categories":[5,12],"tags":[],"class_list":["post-1475","post","type-post","status-publish","format-standard","has-post-thumbnail","hentry","category-chaco","category-ultimo"],"jetpack_publicize_connections":[],"jetpack_featured_media_url":"https:\/\/portalmovil.com.ar\/wp-content\/uploads\/2020\/02\/operario-secheep-e1573691265248.jpg","jetpack_sharing_enabled":true,"amp_enabled":true,"_links":{"self":[{"href":"https:\/\/portalmovil.com.ar\/index.php\/wp-json\/wp\/v2\/posts\/1475","targetHints":{"allow":["GET"]}}],"collection":[{"href":"https:\/\/portalmovil.com.ar\/index.php\/wp-json\/wp\/v2\/posts"}],"about":[{"href":"https:\/\/portalmovil.com.ar\/index.php\/wp-json\/wp\/v2\/types\/post"}],"author":[{"embeddable":true,"href":"https:\/\/portalmovil.com.ar\/index.php\/wp-json\/wp\/v2\/users\/2"}],"replies":[{"embeddable":true,"href":"https:\/\/portalmovil.com.ar\/index.php\/wp-json\/wp\/v2\/comments?post=1475"}],"version-history":[{"count":1,"href":"https:\/\/portalmovil.com.ar\/index.php\/wp-json\/wp\/v2\/posts\/1475\/revisions"}],"predecessor-version":[{"id":1477,"href":"https:\/\/portalmovil.com.ar\/index.php\/wp-json\/wp\/v2\/posts\/1475\/revisions\/1477"}],"wp:featuredmedia":[{"embeddable":true,"href":"https:\/\/portalmovil.com.ar\/index.php\/wp-json\/wp\/v2\/media\/1476"}],"wp:attachment":[{"href":"https:\/\/portalmovil.com.ar\/index.php\/wp-json\/wp\/v2\/media?parent=1475"}],"wp:term":[{"taxonomy":"category","embeddable":true,"href":"https:\/\/portalmovil.com.ar\/index.php\/wp-json\/wp\/v2\/categories?post=1475"},{"taxonomy":"post_tag","embeddable":true,"href":"https:\/\/portalmovil.com.ar\/index.php\/wp-json\/wp\/v2\/tags?post=1475"}],"curies":[{"name":"wp","href":"https:\/\/api.w.org\/{rel}","templated":true}]}}