{"id":14494,"date":"2020-10-23T17:09:59","date_gmt":"2020-10-23T20:09:59","guid":{"rendered":"https:\/\/portalmovil.com.ar\/?p=14494"},"modified":"2020-10-23T17:16:51","modified_gmt":"2020-10-23T20:16:51","slug":"fernandez-extendio-el-aislamiento-estricto-en-8-provincias-que-concentran-el-55-de-los-casos","status":"publish","type":"post","link":"https:\/\/portalmovil.com.ar\/index.php\/2020\/10\/23\/fernandez-extendio-el-aislamiento-estricto-en-8-provincias-que-concentran-el-55-de-los-casos\/","title":{"rendered":"Fern\u00e1ndez extendi\u00f3 el aislamiento estricto en 8 provincias que concentran el 55% de los casos"},"content":{"rendered":"\n<p>El presidente Alberto Fern\u00e1ndez anunci\u00f3 hoy, desde Misiones, que se mantendr\u00e1n las disposiciones de aislamiento y distanciamiento social ante la pandemia de coronavirus \u00abpor 14 d\u00edas m\u00e1s\u00bb a partir del pr\u00f3ximo domingo y consider\u00f3 que a pesar de la baja de contagios en el AMBA \u00abse est\u00e1 lejos de superar el problema\u00bb.<\/p>\n\n\n\n<p>Las provincias de Misiones, Corrientes, Formosa, Entre R\u00edos, Catamarca, Jujuy, La Pampa y San Juan estar\u00e1n desde el lunes pr\u00f3ximo y por 14 d\u00edas bajo la modalidad de distanciamiento social, preventivo y obligatorio (Dispo), mientras que departamentos y ciudades de otras 16 seguir\u00e1n bajo la modalidad de aislamiento.<\/p>\n\n\n\n<p>Las zonas que estar\u00e1n bajo la modalidad de aislamiento social, preventivo y obligatorio (ASPO) son el \u00c1rea Metropolitana de Buenos Aires (AMBA), el resto de la provincia de Buenos Aires, Chaco, Chubut, C\u00f3rdoba, La Rioja, Mendoza, Neuqu\u00e9n, R\u00edo Negro, Salta, San Luis, Santa Cruz, Santa Fe, Santiago del Estero, Tierra del Fuego y Tucum\u00e1n.<\/p>\n\n\n\n<p>Seg\u00fan se explic\u00f3 oficialmente, las medidas se deben a que \u00aben muchas ciudades hay un aumento sostenido de casos, lo que provoca que el sistema de salud de esos lugares se encuentre muy exigido ante la necesidad de garantizar los cuidados necesarios a cada persona que lo requiera\u00bb.<\/p>\n\n\n\n<p>Asimismo, se explic\u00f3 que el ASPO \u00abno es Fase 1\u00bb sino una modalidad seg\u00fan la cual las personas pueden \u00ab\u00fanicamente desarrollar y circular a fin de realizar las actividades que han sido autorizadas, que abarcan tanto la provisi\u00f3n de productos y servicios esenciales y, actualmente, la realizaci\u00f3n de la mayor\u00eda de las actividades econ\u00f3micas y ciertas actividades sociales y deportivas recreativas\u00bb.<\/p>\n","protected":false},"excerpt":{"rendered":"<p>El presidente Alberto Fern\u00e1ndez anunci\u00f3 hoy, desde Misiones, que se mantendr\u00e1n las disposiciones de aislamiento y distanciamiento social ante la pandemia de coronavirus \u00abpor 14 d\u00edas m\u00e1s\u00bb a partir del pr\u00f3ximo domingo y consider\u00f3 que a pesar de la baja de contagios en el AMBA \u00abse est\u00e1 lejos de superar el problema\u00bb. Las provincias de &hellip;<\/p>\n","protected":false},"author":2,"featured_media":14495,"comment_status":"open","ping_status":"open","sticky":false,"template":"","format":"standard","meta":{"_jetpack_memberships_contains_paid_content":false,"footnotes":"","jetpack_publicize_message":"","jetpack_publicize_feature_enabled":true,"jetpack_social_post_already_shared":true,"jetpack_social_options":{"image_generator_settings":{"template":"highway","default_image_id":0,"font":"","enabled":false},"version":2}},"categories":[34,12],"tags":[],"class_list":["post-14494","post","type-post","status-publish","format-standard","has-post-thumbnail","hentry","category-nacional","category-ultimo"],"jetpack_publicize_connections":[],"jetpack_featured_media_url":"https:\/\/portalmovil.com.ar\/wp-content\/uploads\/2020\/10\/20201023_170819.jpg","jetpack_sharing_enabled":true,"amp_enabled":true,"_links":{"self":[{"href":"https:\/\/portalmovil.com.ar\/index.php\/wp-json\/wp\/v2\/posts\/14494","targetHints":{"allow":["GET"]}}],"collection":[{"href":"https:\/\/portalmovil.com.ar\/index.php\/wp-json\/wp\/v2\/posts"}],"about":[{"href":"https:\/\/portalmovil.com.ar\/index.php\/wp-json\/wp\/v2\/types\/post"}],"author":[{"embeddable":true,"href":"https:\/\/portalmovil.com.ar\/index.php\/wp-json\/wp\/v2\/users\/2"}],"replies":[{"embeddable":true,"href":"https:\/\/portalmovil.com.ar\/index.php\/wp-json\/wp\/v2\/comments?post=14494"}],"version-history":[{"count":2,"href":"https:\/\/portalmovil.com.ar\/index.php\/wp-json\/wp\/v2\/posts\/14494\/revisions"}],"predecessor-version":[{"id":14497,"href":"https:\/\/portalmovil.com.ar\/index.php\/wp-json\/wp\/v2\/posts\/14494\/revisions\/14497"}],"wp:featuredmedia":[{"embeddable":true,"href":"https:\/\/portalmovil.com.ar\/index.php\/wp-json\/wp\/v2\/media\/14495"}],"wp:attachment":[{"href":"https:\/\/portalmovil.com.ar\/index.php\/wp-json\/wp\/v2\/media?parent=14494"}],"wp:term":[{"taxonomy":"category","embeddable":true,"href":"https:\/\/portalmovil.com.ar\/index.php\/wp-json\/wp\/v2\/categories?post=14494"},{"taxonomy":"post_tag","embeddable":true,"href":"https:\/\/portalmovil.com.ar\/index.php\/wp-json\/wp\/v2\/tags?post=14494"}],"curies":[{"name":"wp","href":"https:\/\/api.w.org\/{rel}","templated":true}]}}