{"id":14466,"date":"2020-10-23T09:05:03","date_gmt":"2020-10-23T12:05:03","guid":{"rendered":"https:\/\/portalmovil.com.ar\/?p=14466"},"modified":"2020-10-23T09:05:07","modified_gmt":"2020-10-23T12:05:07","slug":"el-presidente-anuncia-la-nueva-fase-de-aislamiento","status":"publish","type":"post","link":"https:\/\/portalmovil.com.ar\/index.php\/2020\/10\/23\/el-presidente-anuncia-la-nueva-fase-de-aislamiento\/","title":{"rendered":"El Presidente anuncia la nueva fase de aislamiento"},"content":{"rendered":"\n<p>El presidente Alberto Fern\u00e1ndez anunciar\u00e1 este viernes, desde Misiones, una nueva fase del Aislamiento Social Preventivo y Obligatorio (ASPO) por la pandemia de coronavirus, que se inicia el lunes pr\u00f3ximo, luego de haber analizado este jueves con los gobernadores la situaci\u00f3n epidemiol\u00f3gica y sanitaria de las provincias, a trav\u00e9s de una videoconferencia realizada desde la Casa Rosada.<\/p>\n\n\n\n<p>Fuentes oficiales informaron que el jefe de Estado iniciar\u00e1 poco despu\u00e9s de las 11 una visita a Misiones, donde participar\u00e1 de actividades en las ciudades de Capiov\u00ed y Posadas, y, poco antes de su regreso a Buenos Aires, ofrecer\u00e1 una rueda de prensa junto al gobernador Oscar Herrera Ahuad.<\/p>\n\n\n\n<p>Fern\u00e1ndez evalu\u00f3 las condiciones de los sistemas sanitarios en las provincias en una reuni\u00f3n virtual con los gobernadores de C\u00f3rdoba, Santa Fe, Tucum\u00e1n, Mendoza, Neuqu\u00e9n, R\u00edo Negro, Chubut y San Luis, donde, seg\u00fan las estimaciones del Gobierno, se concentra el \u00ab55 por ciento de los casos del pa\u00eds\u00bb.<\/p>\n\n\n\n<p>Del encuentro, convocado para definir los alcances de la nueva fase de aislamiento, participaron tambi\u00e9n el jefe de Gabinete, Santiago Cafiero; el ministro de Salud, Gin\u00e9s Gonz\u00e1lez Garc\u00eda y el secretario general de la Presidencia, Julio Vitobello.<\/p>\n\n\n\n<p><strong>Voceros cercanos a los gobernadores relataron que, en el encuentro, la mayor\u00eda de las autoridades provinciales coincidi\u00f3 en la necesidad de sostener las \u00abmedidas restrictivas\u00bb y mantener las condiciones de prevenci\u00f3n vigentes por 14 d\u00edas m\u00e1s<\/strong>.<\/p>\n\n\n\n<p>Participaron de la comunicaci\u00f3n virtual los mandatarios Juan Schiaretti; Omar Perotti; Juan Manzur; Rodolfo Su\u00e1rez; Omar Guti\u00e9rrez; Arabela Carreras; Mariano Arcioni y Alberto Rodr\u00edguez Sa\u00e1.<\/p>\n\n\n\n<p>Varios de los gobernadores plantearon que sus distritos est\u00e1n atravesando una \u00abmeseta alta\u00bb y marcaron la importancia de continuar con las limitaciones a la circulaci\u00f3n, en l\u00ednea con lo expuesto por el Presidente desde el inicio de la pandemia.<\/p>\n","protected":false},"excerpt":{"rendered":"<p>El presidente Alberto Fern\u00e1ndez anunciar\u00e1 este viernes, desde Misiones, una nueva fase del Aislamiento Social Preventivo y Obligatorio (ASPO) por la pandemia de coronavirus, que se inicia el lunes pr\u00f3ximo, luego de haber analizado este jueves con los gobernadores la situaci\u00f3n epidemiol\u00f3gica y sanitaria de las provincias, a trav\u00e9s de una videoconferencia realizada desde la &hellip;<\/p>\n","protected":false},"author":2,"featured_media":8931,"comment_status":"open","ping_status":"open","sticky":false,"template":"","format":"standard","meta":{"_jetpack_memberships_contains_paid_content":false,"footnotes":"","jetpack_publicize_message":"","jetpack_publicize_feature_enabled":true,"jetpack_social_post_already_shared":true,"jetpack_social_options":{"image_generator_settings":{"template":"highway","default_image_id":0,"font":"","enabled":false},"version":2}},"categories":[34,12],"tags":[],"class_list":["post-14466","post","type-post","status-publish","format-standard","has-post-thumbnail","hentry","category-nacional","category-ultimo"],"jetpack_publicize_connections":[],"jetpack_featured_media_url":"https:\/\/portalmovil.com.ar\/wp-content\/uploads\/2020\/07\/5f02f8fa44eff_1004x565.jpg","jetpack_sharing_enabled":true,"amp_enabled":true,"_links":{"self":[{"href":"https:\/\/portalmovil.com.ar\/index.php\/wp-json\/wp\/v2\/posts\/14466","targetHints":{"allow":["GET"]}}],"collection":[{"href":"https:\/\/portalmovil.com.ar\/index.php\/wp-json\/wp\/v2\/posts"}],"about":[{"href":"https:\/\/portalmovil.com.ar\/index.php\/wp-json\/wp\/v2\/types\/post"}],"author":[{"embeddable":true,"href":"https:\/\/portalmovil.com.ar\/index.php\/wp-json\/wp\/v2\/users\/2"}],"replies":[{"embeddable":true,"href":"https:\/\/portalmovil.com.ar\/index.php\/wp-json\/wp\/v2\/comments?post=14466"}],"version-history":[{"count":1,"href":"https:\/\/portalmovil.com.ar\/index.php\/wp-json\/wp\/v2\/posts\/14466\/revisions"}],"predecessor-version":[{"id":14467,"href":"https:\/\/portalmovil.com.ar\/index.php\/wp-json\/wp\/v2\/posts\/14466\/revisions\/14467"}],"wp:featuredmedia":[{"embeddable":true,"href":"https:\/\/portalmovil.com.ar\/index.php\/wp-json\/wp\/v2\/media\/8931"}],"wp:attachment":[{"href":"https:\/\/portalmovil.com.ar\/index.php\/wp-json\/wp\/v2\/media?parent=14466"}],"wp:term":[{"taxonomy":"category","embeddable":true,"href":"https:\/\/portalmovil.com.ar\/index.php\/wp-json\/wp\/v2\/categories?post=14466"},{"taxonomy":"post_tag","embeddable":true,"href":"https:\/\/portalmovil.com.ar\/index.php\/wp-json\/wp\/v2\/tags?post=14466"}],"curies":[{"name":"wp","href":"https:\/\/api.w.org\/{rel}","templated":true}]}}