{"id":1444,"date":"2020-02-05T16:28:13","date_gmt":"2020-02-05T19:28:13","guid":{"rendered":"http:\/\/portalmovil.com.ar\/?p=1444"},"modified":"2020-02-05T16:28:21","modified_gmt":"2020-02-05T19:28:21","slug":"el-director-del-hospital-perrando-presento-su-renuncia","status":"publish","type":"post","link":"https:\/\/portalmovil.com.ar\/index.php\/2020\/02\/05\/el-director-del-hospital-perrando-presento-su-renuncia\/","title":{"rendered":"El director del hospital Perrando present\u00f3 su renuncia"},"content":{"rendered":"\n<p>En medio de la situaci\u00f3n critica que atraviesa la Salud P\u00fablica del Chaco en todas las \u00e1reas, desde lo personales hasta los insumos. En la ma\u00f1ana de hoy por motivos aparentemente personales, se confirm\u00f3 la decisi\u00f3n del director del nosocomio, Jos\u00e9 Bola\u00f1o, presentar su renuncia.<\/p>\n\n\n\n<p>Cabe recordar que Bola\u00f1o asumi\u00f3 la direcci\u00f3n del Perrando el 5 de agosto del a\u00f1o pasado: exactamente hace seis meses. Hab\u00eda reemplazado a Andrea Mayol en el cargo.<\/p>\n\n\n\n<p>A fines de enero, y en medio de las constantes denuncias de trabajadores y pacientes sobre la situaci\u00f3n del nosocomio, Bola\u00f1o reconoci\u00f3 que hay graves problemas en el hospital. Falta de funcionamiento de los aires acondicionados y ascensores y escasez de camas, seguridad y medicamentos, son s\u00f3lo algunos.<\/p>\n\n\n\n<p>\u201cNo tenemos disponibilidad de espacio f\u00edsico. No es s\u00f3lo que falten camas, sino tambi\u00e9n espacio f\u00edsico, m\u00e1s tecnolog\u00eda y m\u00e1s personal. Hoy, ma\u00f1ana y pasado vamos a seguir con personas en los pasillos\u201d, reconoci\u00f3 en declaraciones a Radio Libertad.<\/p>\n","protected":false},"excerpt":{"rendered":"<p>En medio de la situaci\u00f3n critica que atraviesa la Salud P\u00fablica del Chaco en todas las \u00e1reas, desde lo personales hasta los insumos. En la ma\u00f1ana de hoy por motivos aparentemente personales, se confirm\u00f3 la decisi\u00f3n del director del nosocomio, Jos\u00e9 Bola\u00f1o, presentar su renuncia. Cabe recordar que Bola\u00f1o asumi\u00f3 la direcci\u00f3n del Perrando el &hellip;<\/p>\n","protected":false},"author":2,"featured_media":1445,"comment_status":"open","ping_status":"open","sticky":false,"template":"","format":"standard","meta":{"_jetpack_memberships_contains_paid_content":false,"footnotes":"","jetpack_publicize_message":"","jetpack_publicize_feature_enabled":true,"jetpack_social_post_already_shared":true,"jetpack_social_options":{"image_generator_settings":{"template":"highway","default_image_id":0,"font":"","enabled":false},"version":2}},"categories":[5,46],"tags":[],"class_list":["post-1444","post","type-post","status-publish","format-standard","has-post-thumbnail","hentry","category-chaco","category-salud"],"jetpack_publicize_connections":[],"jetpack_featured_media_url":"https:\/\/portalmovil.com.ar\/wp-content\/uploads\/2020\/02\/Jose-Bola\u00f1ozzz-696x522-1.jpg","jetpack_sharing_enabled":true,"amp_enabled":true,"_links":{"self":[{"href":"https:\/\/portalmovil.com.ar\/index.php\/wp-json\/wp\/v2\/posts\/1444","targetHints":{"allow":["GET"]}}],"collection":[{"href":"https:\/\/portalmovil.com.ar\/index.php\/wp-json\/wp\/v2\/posts"}],"about":[{"href":"https:\/\/portalmovil.com.ar\/index.php\/wp-json\/wp\/v2\/types\/post"}],"author":[{"embeddable":true,"href":"https:\/\/portalmovil.com.ar\/index.php\/wp-json\/wp\/v2\/users\/2"}],"replies":[{"embeddable":true,"href":"https:\/\/portalmovil.com.ar\/index.php\/wp-json\/wp\/v2\/comments?post=1444"}],"version-history":[{"count":1,"href":"https:\/\/portalmovil.com.ar\/index.php\/wp-json\/wp\/v2\/posts\/1444\/revisions"}],"predecessor-version":[{"id":1446,"href":"https:\/\/portalmovil.com.ar\/index.php\/wp-json\/wp\/v2\/posts\/1444\/revisions\/1446"}],"wp:featuredmedia":[{"embeddable":true,"href":"https:\/\/portalmovil.com.ar\/index.php\/wp-json\/wp\/v2\/media\/1445"}],"wp:attachment":[{"href":"https:\/\/portalmovil.com.ar\/index.php\/wp-json\/wp\/v2\/media?parent=1444"}],"wp:term":[{"taxonomy":"category","embeddable":true,"href":"https:\/\/portalmovil.com.ar\/index.php\/wp-json\/wp\/v2\/categories?post=1444"},{"taxonomy":"post_tag","embeddable":true,"href":"https:\/\/portalmovil.com.ar\/index.php\/wp-json\/wp\/v2\/tags?post=1444"}],"curies":[{"name":"wp","href":"https:\/\/api.w.org\/{rel}","templated":true}]}}