{"id":14408,"date":"2020-10-22T00:30:21","date_gmt":"2020-10-22T03:30:21","guid":{"rendered":"https:\/\/portalmovil.com.ar\/?p=14408"},"modified":"2020-10-22T00:30:25","modified_gmt":"2020-10-22T03:30:25","slug":"22-de-octubre-dia-nacional-del-derecho-a-la-identidad","status":"publish","type":"post","link":"https:\/\/portalmovil.com.ar\/index.php\/2020\/10\/22\/22-de-octubre-dia-nacional-del-derecho-a-la-identidad\/","title":{"rendered":"22 de octubre: D\u00eda Nacional del Derecho a la Identidad"},"content":{"rendered":"\n<p>En el a\u00f1o 2004, el Congreso de la Naci\u00f3n Argentina dispuso a trav\u00e9s de la&nbsp;<strong><a href=\"http:\/\/www.senado.gov.ar\/web\/proyectos\/numord.php?cNumOrd=602&amp;cAnioPar=2004&amp;cAction=1\" target=\"_blank\" rel=\"noreferrer noopener\">Ley 26.001<\/a><\/strong>, que se estableciera cada 22 de octubre como el D\u00eda Nacional del Derecho a la Identidad.<\/p>\n\n\n\n<p>Este d\u00eda fue instaurado en homenaje a las Abuelas de Plaza de Mayo, quienes en 1977 comenzaron una incansable b\u00fasqueda de las nietas y nietos robados en la \u00faltima dictadura militar en la Argentina.<\/p>\n\n\n\n<p>El 22 de octubre de 1977, un grupo de 12 mujeres, a las que luego se uniera Estela de Carlotto (actual titular de la Instituci\u00f3n), emprendi\u00f3 un camino de lucha por la aparici\u00f3n con vida de sus hijos y, a la par, buscaban a sus nietos secuestrados junto a sus padres o nacidos en centros clandestinos de detenci\u00f3n.<\/p>\n\n\n\n<p>A prop\u00f3sito de este d\u00eda, desde Abuelas proponen escribir nuestros nombres en la palma de la mano y subir una foto o video a las redes usando los hashtags\u00a0#Identidad, #Abuelas43A\u00f1os y #LaB\u00fasquedaSigue para conmemorar este D\u00eda Nacional por el Derecho a la Identidad.<\/p>\n","protected":false},"excerpt":{"rendered":"<p>En el a\u00f1o 2004, el Congreso de la Naci\u00f3n Argentina dispuso a trav\u00e9s de la&nbsp;Ley 26.001, que se estableciera cada 22 de octubre como el D\u00eda Nacional del Derecho a la Identidad. Este d\u00eda fue instaurado en homenaje a las Abuelas de Plaza de Mayo, quienes en 1977 comenzaron una incansable b\u00fasqueda de las nietas &hellip;<\/p>\n","protected":false},"author":2,"featured_media":14410,"comment_status":"open","ping_status":"open","sticky":false,"template":"","format":"standard","meta":{"_jetpack_memberships_contains_paid_content":false,"footnotes":"","jetpack_publicize_message":"","jetpack_publicize_feature_enabled":true,"jetpack_social_post_already_shared":true,"jetpack_social_options":{"image_generator_settings":{"template":"highway","default_image_id":0,"font":"","enabled":false},"version":2}},"categories":[394],"tags":[],"class_list":["post-14408","post","type-post","status-publish","format-standard","has-post-thumbnail","hentry","category-efemerides"],"jetpack_publicize_connections":[],"jetpack_featured_media_url":"https:\/\/portalmovil.com.ar\/wp-content\/uploads\/2020\/10\/unnamed-13.jpg","jetpack_sharing_enabled":true,"amp_enabled":true,"_links":{"self":[{"href":"https:\/\/portalmovil.com.ar\/index.php\/wp-json\/wp\/v2\/posts\/14408","targetHints":{"allow":["GET"]}}],"collection":[{"href":"https:\/\/portalmovil.com.ar\/index.php\/wp-json\/wp\/v2\/posts"}],"about":[{"href":"https:\/\/portalmovil.com.ar\/index.php\/wp-json\/wp\/v2\/types\/post"}],"author":[{"embeddable":true,"href":"https:\/\/portalmovil.com.ar\/index.php\/wp-json\/wp\/v2\/users\/2"}],"replies":[{"embeddable":true,"href":"https:\/\/portalmovil.com.ar\/index.php\/wp-json\/wp\/v2\/comments?post=14408"}],"version-history":[{"count":1,"href":"https:\/\/portalmovil.com.ar\/index.php\/wp-json\/wp\/v2\/posts\/14408\/revisions"}],"predecessor-version":[{"id":14411,"href":"https:\/\/portalmovil.com.ar\/index.php\/wp-json\/wp\/v2\/posts\/14408\/revisions\/14411"}],"wp:featuredmedia":[{"embeddable":true,"href":"https:\/\/portalmovil.com.ar\/index.php\/wp-json\/wp\/v2\/media\/14410"}],"wp:attachment":[{"href":"https:\/\/portalmovil.com.ar\/index.php\/wp-json\/wp\/v2\/media?parent=14408"}],"wp:term":[{"taxonomy":"category","embeddable":true,"href":"https:\/\/portalmovil.com.ar\/index.php\/wp-json\/wp\/v2\/categories?post=14408"},{"taxonomy":"post_tag","embeddable":true,"href":"https:\/\/portalmovil.com.ar\/index.php\/wp-json\/wp\/v2\/tags?post=14408"}],"curies":[{"name":"wp","href":"https:\/\/api.w.org\/{rel}","templated":true}]}}